{"dados":[{"ementa":"Justificativa de Inexigibilidade de Chamamento P\u00fablico - Organiza\u00e7\u00e3o da Sociedade Civil\/Proponente -Bom Samaritano Associa\u00e7\u00e3o de Amparo - Termo de Colabora\u00e7\u00e3o.","dataAtualizacao":"2026-04-23 11:26:48","dataInicioVigencia":null,"dataFimVigencia":null,"data":"2026-04-23","numero":3,"categoria":"MROSC - Justificativa de inexigibilidade e Dispensa de Chamamento","situacao":"Em vigor","descricao":""},{"ementa":"Disp\u00f5e sobre o cancelamento de cr\u00e9dito tribut\u00e1rio referentes \u00e0 cobran\u00e7a de Imposto Sobre a Propriedade Predial e Territorial Urbana - IPTU.","dataAtualizacao":"2026-04-23 10:06:35","dataInicioVigencia":null,"dataFimVigencia":null,"data":"2026-04-22","numero":408,"categoria":"Decretos","situacao":"Em vigor","descricao":""},{"ementa":"TERMO DE COLABORA\u00c7\u00c3O QUE ENTRE SI CELEBRAM O MUNIC\u00cdPIO DE CL\u00c1UDIO, ESTADO DE MINAS GERAIS, E A ASSOCIA\u00c7\u00c3O DE PAIS E AMIGOS DOS EXCEPCIONAIS DE CL\u00c1UDIO \u2013 APAE DE CL\u00c1UDIO, PARA OS FINS QUE ESPECIFICA.","dataAtualizacao":"2026-04-23 10:04:36","dataInicioVigencia":null,"dataFimVigencia":null,"data":"2026-04-22","numero":10,"categoria":"MROSC - Termos de Parceria - Atos de Parcerias 3\u00b0 Setor","situacao":"Em vigor","descricao":""},{"ementa":"Comunica\u00e7\u00e3o - Mesa Diretora ano 2026.","dataAtualizacao":"2026-04-17 14:57:12","dataInicioVigencia":null,"dataFimVigencia":null,"data":"2026-04-17","numero":1,"categoria":"Conselho Tutelar","situacao":"Em vigor","descricao":""},{"ementa":"VTN - Ano 2026","dataAtualizacao":"2026-04-27 11:23:31","dataInicioVigencia":null,"dataFimVigencia":null,"data":"2026-04-17","numero":1,"categoria":"Valores de Terra Nua - VTN","situacao":"Em vigor","descricao":""},{"ementa":"Disp\u00f5e sobre a autoriza\u00e7\u00e3o de uso do Parque de Exposi\u00e7\u00f5es \u201cQuinto Guimar\u00e3es Tolentino\u201d, e determina outras provid\u00eancias.","dataAtualizacao":"2026-04-17 12:01:26","dataInicioVigencia":null,"dataFimVigencia":null,"data":"2026-04-16","numero":404,"categoria":"Decretos","situacao":"Em vigor","descricao":""},{"ementa":"Designa Comiss\u00e3o T\u00e9cnica de Vistoria Veicular Municipal para inspe\u00e7\u00e3o de ve\u00edculos destinados ao transporte escolar e d\u00e1 outras provid\u00eancias.","dataAtualizacao":"2026-04-23 14:26:24","dataInicioVigencia":null,"dataFimVigencia":null,"data":"2026-04-16","numero":274,"categoria":"Portarias","situacao":"Em vigor","descricao":""},{"ementa":"Disp\u00f5e sobre exonera\u00e7\u00e3o de servidor ocupante de cargo efetivo, a pedido ocupante do cargo efetivo de Auxiliar de Servi\u00e7os Gerais.","dataAtualizacao":"2026-04-23 11:15:53","dataInicioVigencia":null,"dataFimVigencia":null,"data":"2026-04-16","numero":273,"categoria":"Portarias","situacao":"Em vigor","descricao":""},{"ementa":"Chamamento P\u00fablico - 002\/2026 - Pontos de cultura - Rede Municipal de pontos de cultura de Cl\u00e1udio-MG \r\nCultura viva do Tamanho do Brasil! Fomento a projetos continuados de pontos de cultura.","dataAtualizacao":"2026-04-16 16:36:25","dataInicioVigencia":null,"dataFimVigencia":null,"data":"2026-04-16","numero":2,"categoria":"Editais","situacao":"Em vigor","descricao":""},{"ementa":"Edital de Chamamento P\u00fablico N\u00ba. 001\/2026 - Recursos PNAB 2025 - Execu\u00e7\u00e3o cultural com recursos da Pol\u00edtica Nacional Aldir Blanc de fomento \u00e0 cultura - PNAB (Lei n\u00baO. 14.399\/2025) - Ciclo 2.","dataAtualizacao":"2026-04-16 16:36:23","dataInicioVigencia":null,"dataFimVigencia":null,"data":"2026-04-16","numero":1,"categoria":"Editais","situacao":"Em vigor","descricao":""},{"ementa":"Justificativa de Inexigibilidade de Chamamento P\u00fablico - Organiza\u00e7\u00e3o da Sociedade Civil\/Proponente - Associa\u00e7\u00e3o Comunit\u00e1ria Beneficente de Cl\u00e1udio - Termo de Colabora\u00e7\u00e3o.","dataAtualizacao":"2026-04-17 09:08:47","dataInicioVigencia":null,"dataFimVigencia":null,"data":"2026-04-16","numero":1,"categoria":"MROSC - Justificativa de inexigibilidade e Dispensa de Chamamento","situacao":"Em vigor","descricao":""},{"ementa":"Disp\u00f5e sobre a autoriza\u00e7\u00e3o de uso do Parque de Exposi\u00e7\u00f5es \u201cQuinto Guimar\u00e3es Tolentino\u201d, e determina outras provid\u00eancias.","dataAtualizacao":"2026-04-17 11:59:48","dataInicioVigencia":null,"dataFimVigencia":null,"data":"2026-04-15","numero":403,"categoria":"Decretos","situacao":"Em vigor","descricao":""},{"ementa":"Justificativa de Inexigibilidade de Chamamento P\u00fablico - Organiza\u00e7\u00e3o da Sociedade Civil\/Proponente -Associa\u00e7\u00e3o de Pais e Amigos dos Excepcionais de Cl\u00e1udio - APAE - Termo de Colabora\u00e7\u00e3o.","dataAtualizacao":"2026-04-15 15:54:07","dataInicioVigencia":null,"dataFimVigencia":null,"data":"2026-04-15","numero":2,"categoria":"MROSC - Justificativa de inexigibilidade e Dispensa de Chamamento","situacao":"Em vigor","descricao":""},{"ementa":"Disp\u00f5e sobre exonera\u00e7\u00e3o do servidor ocupante de cargo de provimento em comiss\u00e3o.","dataAtualizacao":"2026-04-17 14:51:11","dataInicioVigencia":null,"dataFimVigencia":null,"data":"2026-04-14","numero":271,"categoria":"Portarias","situacao":"Em vigor","descricao":""},{"ementa":"Edital de Chamamento P\u00fablico N\u00ba. 006\/2026 - vagas remanescentes para credenciamento de vendedores ambulantes em barracas para o 5\u00ba Festival de Gastronomia do ano de 2026.","dataAtualizacao":"2026-04-17 11:40:33","dataInicioVigencia":null,"dataFimVigencia":null,"data":"2026-04-14","numero":6,"categoria":"Editais","situacao":"Em vigor","descricao":""},{"ementa":"Disp\u00f5e sobre a contrata\u00e7\u00e3o de Servidor em Car\u00e1ter Excepcional para a fun\u00e7\u00e3o de Oper\u00e1rio.","dataAtualizacao":"2026-04-15 16:12:07","dataInicioVigencia":null,"dataFimVigencia":null,"data":"2026-04-13","numero":270,"categoria":"Portarias","situacao":"Em vigor","descricao":""},{"ementa":"Disp\u00f5e sobre nomea\u00e7\u00e3o de servidora, provimento de cargo em comiss\u00e3o de Chefe de Setor de Projetos e Patrim\u00f4nio Cultural.","dataAtualizacao":"2026-04-15 16:11:13","dataInicioVigencia":null,"dataFimVigencia":null,"data":"2026-04-13","numero":269,"categoria":"Portarias","situacao":"Em vigor","descricao":""},{"ementa":"Disp\u00f5e sobre a contrata\u00e7\u00e3o de Servidor em Car\u00e1ter Excepcional para a fun\u00e7\u00e3o de Fisioterapeuta.","dataAtualizacao":"2026-04-15 16:10:06","dataInicioVigencia":null,"dataFimVigencia":null,"data":"2026-04-13","numero":268,"categoria":"Portarias","situacao":"Em vigor","descricao":""},{"ementa":"Disp\u00f5e sobre a contrata\u00e7\u00e3o de Servidor em Car\u00e1ter Excepcional para a fun\u00e7\u00e3o de Atendente de ESF.","dataAtualizacao":"2026-04-15 16:09:17","dataInicioVigencia":null,"dataFimVigencia":null,"data":"2026-04-13","numero":267,"categoria":"Portarias","situacao":"Em vigor","descricao":""},{"ementa":"Disp\u00f5e sobre a contrata\u00e7\u00e3o de Servidor em Car\u00e1ter Excepcional para a fun\u00e7\u00e3o de Agente Comunit\u00e1rio de Sa\u00fade - ESF VIII.","dataAtualizacao":"2026-04-15 16:08:26","dataInicioVigencia":null,"dataFimVigencia":null,"data":"2026-04-13","numero":266,"categoria":"Portarias","situacao":"Em vigor","descricao":""},{"ementa":"Disp\u00f5e sobre a rescis\u00e3o de contrato, a pedido ocupante da fun\u00e7\u00e3o de Auxiliar de Servi\u00e7os Gerais.","dataAtualizacao":"2026-04-15 16:07:43","dataInicioVigencia":null,"dataFimVigencia":null,"data":"2026-04-13","numero":265,"categoria":"Portarias","situacao":"Em vigor","descricao":""},{"ementa":"Disp\u00f5e sobre desligamento de servidor, por falecimento ocupante do cargo efetivo de Fiscal Municipal de Sa\u00fade.","dataAtualizacao":"2026-04-15 16:07:04","dataInicioVigencia":null,"dataFimVigencia":null,"data":"2026-04-13","numero":264,"categoria":"Portarias","situacao":"Em vigor","descricao":""},{"ementa":"Rela\u00e7\u00e3o Municipal de medicamentos essenciais para publica\u00e7\u00e3o no portal da transpar\u00eancia","dataAtualizacao":"2026-04-13 14:19:33","dataInicioVigencia":null,"dataFimVigencia":null,"data":"2026-04-13","numero":3,"categoria":"Medicamentos - SUS","situacao":"Em vigor","descricao":""},{"ementa":"II - REMEMG","dataAtualizacao":"2026-04-13 14:32:23","dataInicioVigencia":null,"dataFimVigencia":null,"data":"2026-04-13","numero":2,"categoria":"Medicamentos - SUS","situacao":"Em vigor","descricao":""},{"ementa":"I - REMUME","dataAtualizacao":"2026-04-13 14:19:08","dataInicioVigencia":null,"dataFimVigencia":null,"data":"2026-04-13","numero":1,"categoria":"Medicamentos - SUS","situacao":"Em vigor","descricao":""},{"ementa":"Homologa o Resultado Final do Processo Seletivo Simplificado na Modalidade An\u00e1lise Curricular Edital n\u00ba. 012\/2026\/DRH, de 09 de mar\u00e7o de 2026, para a fun\u00e7\u00e3o de Enfermeiro de ESF.","dataAtualizacao":"2026-04-14 11:29:35","dataInicioVigencia":null,"dataFimVigencia":null,"data":"2026-04-10","numero":402,"categoria":"Decretos","situacao":"Em vigor","descricao":""},{"ementa":"Ata da Terceira Reuni\u00e3o Ordin\u00e1ria do Conselho Municipal da Cidade.","dataAtualizacao":"2026-04-10 11:09:58","dataInicioVigencia":null,"dataFimVigencia":null,"data":"2026-04-10","numero":0,"categoria":"CONSELHO DA CIDADE","situacao":"Em vigor","descricao":""},{"ementa":"Disp\u00f5e sobre a composi\u00e7\u00e3o do Conselho Municipal do Idoso do Munic\u00edpio de Cl\u00e1udio\/MG \u2013 CMI.","dataAtualizacao":"2026-04-09 11:47:43","dataInicioVigencia":null,"dataFimVigencia":null,"data":"2026-04-09","numero":263,"categoria":"Portarias","situacao":"Em vigor","descricao":""},{"ementa":"Disp\u00f5e sobre concess\u00e3o de progress\u00e3o na carreira ocupante do cargo efetivo de Fonoaudi\u00f3logo.","dataAtualizacao":"2026-04-10 14:07:06","dataInicioVigencia":null,"dataFimVigencia":null,"data":"2026-04-08","numero":262,"categoria":"Portarias","situacao":"Em vigor","descricao":""},{"ementa":"Disp\u00f5e sobre concess\u00e3o de progress\u00e3o na carreira ocupante do cargo efetivo de Agente de Vigil\u00e2ncia Epidemiol\u00f3gica.","dataAtualizacao":"2026-04-10 14:06:03","dataInicioVigencia":null,"dataFimVigencia":null,"data":"2026-04-08","numero":261,"categoria":"Portarias","situacao":"Em vigor","descricao":""},{"ementa":"Disp\u00f5e sobre concess\u00e3o de progress\u00e3o na carreira ocupante do cargo efetivo de Auxiliar de Odontologia.","dataAtualizacao":"2026-04-10 14:04:51","dataInicioVigencia":null,"dataFimVigencia":null,"data":"2026-04-08","numero":260,"categoria":"Portarias","situacao":"Em vigor","descricao":""},{"ementa":"Disp\u00f5e sobre concess\u00e3o de progress\u00e3o na carreira ocupante do cargo efetivo de Auxiliar de Odontologia.","dataAtualizacao":"2026-04-10 14:12:26","dataInicioVigencia":null,"dataFimVigencia":null,"data":"2026-04-08","numero":259,"categoria":"Portarias","situacao":"Em vigor","descricao":""},{"ementa":"Disp\u00f5e sobre concess\u00e3o de progress\u00e3o na carreira ocupante do cargo efetivo de Auxiliar Administrativo.","dataAtualizacao":"2026-04-10 11:59:52","dataInicioVigencia":null,"dataFimVigencia":null,"data":"2026-04-08","numero":258,"categoria":"Portarias","situacao":"Em vigor","descricao":""},{"ementa":"Disp\u00f5e sobre concess\u00e3o de progress\u00e3o na carreira ocupante do cargo efetivo de Auxiliar Administrativo.","dataAtualizacao":"2026-04-10 11:59:15","dataInicioVigencia":null,"dataFimVigencia":null,"data":"2026-04-08","numero":257,"categoria":"Portarias","situacao":"Em vigor","descricao":""},{"ementa":"Disp\u00f5e sobre concess\u00e3o de progress\u00e3o na carreira ocupante, do cargo efetivo de Motorista.","dataAtualizacao":"2026-04-10 11:58:17","dataInicioVigencia":null,"dataFimVigencia":null,"data":"2026-04-08","numero":256,"categoria":"Portarias","situacao":"Em vigor","descricao":""},{"ementa":"Disp\u00f5e sobre concess\u00e3o de progress\u00e3o na carreira ocupante do cargo efetivo de Auxiliar de Servi\u00e7os Gerais.","dataAtualizacao":"2026-04-10 11:53:43","dataInicioVigencia":null,"dataFimVigencia":null,"data":"2026-04-08","numero":255,"categoria":"Portarias","situacao":"Em vigor","descricao":""},{"ementa":"Disp\u00f5e sobre concess\u00e3o de progress\u00e3o na carreira ocupante do cargo efetivo de Auxiliar de Servi\u00e7os Gerais.","dataAtualizacao":"2026-04-10 11:53:01","dataInicioVigencia":null,"dataFimVigencia":null,"data":"2026-04-08","numero":254,"categoria":"Portarias","situacao":"Em vigor","descricao":""},{"ementa":"Prorroga o prazo de validade do Processo Seletivo Simplificado na Modalidade An\u00e1lise Curricular Edital n\u00ba. 016\/2025\/DRH, homologado em 29 de Abril de 2025, para a fun\u00e7\u00e3o de Mec\u00e2nico, e d\u00e1 outras provid\u00eancias.","dataAtualizacao":"2026-04-08 14:57:52","dataInicioVigencia":null,"dataFimVigencia":null,"data":"2026-04-07","numero":398,"categoria":"Decretos","situacao":"Em vigor","descricao":""},{"ementa":"Prorroga o prazo de validade do Processo Seletivo Simplificado na Modalidade An\u00e1lise Curricular Edital n\u00ba. 014\/2025\/DRH, homologado em 24 de Abril de 2025, para a fun\u00e7\u00e3o de Agente Comunit\u00e1rio de Sa\u00fade, e d\u00e1 outras provid\u00eancias.","dataAtualizacao":"2026-04-08 14:56:39","dataInicioVigencia":null,"dataFimVigencia":null,"data":"2026-04-07","numero":397,"categoria":"Decretos","situacao":"Em vigor","descricao":""},{"ementa":"Prorroga o prazo de validade do Processo Seletivo Simplificado na Modalidade An\u00e1lise Curricular Edital n\u00ba. 013\/2025\/DRH, homologado em 09 de Abril de 2025, para a fun\u00e7\u00e3o de Enfermeiro, e d\u00e1 outras provid\u00eancias.","dataAtualizacao":"2026-04-08 14:55:31","dataInicioVigencia":null,"dataFimVigencia":null,"data":"2026-04-07","numero":396,"categoria":"Decretos","situacao":"Em vigor","descricao":""},{"ementa":"Disp\u00f5e sobre a autoriza\u00e7\u00e3o de uso do anitgo Parque de Exposi\u00e7\u00f5es, e determina outras provid\u00eancias.","dataAtualizacao":"2026-04-09 13:19:55","dataInicioVigencia":null,"dataFimVigencia":null,"data":"2026-04-07","numero":395,"categoria":"Decretos","situacao":"Em vigor","descricao":""},{"ementa":"Disp\u00f5e sobre a movimenta\u00e7\u00e3o de contas banc\u00e1rias do Munic\u00edpio de Cl\u00e1udio.","dataAtualizacao":"2026-04-08 14:21:50","dataInicioVigencia":null,"dataFimVigencia":null,"data":"2026-04-07","numero":253,"categoria":"Portarias","situacao":"Em vigor","descricao":""},{"ementa":"Disp\u00f5e sobre a contrata\u00e7\u00e3o de Servidor em Car\u00e1ter Excepcional para a fun\u00e7\u00e3o de Fiscal Municipal de Obras.","dataAtualizacao":"2026-04-10 11:52:19","dataInicioVigencia":null,"dataFimVigencia":null,"data":"2026-04-06","numero":252,"categoria":"Portarias","situacao":"Em vigor","descricao":""},{"ementa":"Disp\u00f5e sobre a contrata\u00e7\u00e3o de Servidor em Car\u00e1ter Excepcional para a fun\u00e7\u00e3o de T\u00e9cnico de Enfermagem.","dataAtualizacao":"2026-04-10 11:51:35","dataInicioVigencia":null,"dataFimVigencia":null,"data":"2026-04-06","numero":251,"categoria":"Portarias","situacao":"Em vigor","descricao":""},{"ementa":"Disp\u00f5e sobre a contrata\u00e7\u00e3o de Servidor em Car\u00e1ter Excepcional para a fun\u00e7\u00e3o de Atendente de ESF.","dataAtualizacao":"2026-04-10 11:50:52","dataInicioVigencia":null,"dataFimVigencia":null,"data":"2026-04-06","numero":250,"categoria":"Portarias","situacao":"Em vigor","descricao":""},{"ementa":"Disp\u00f5e sobre a contrata\u00e7\u00e3o de Servidor em Car\u00e1ter Excepcional para a fun\u00e7\u00e3o de Odont\u00f3logo de ESF.","dataAtualizacao":"2026-04-10 11:50:00","dataInicioVigencia":null,"dataFimVigencia":null,"data":"2026-04-06","numero":249,"categoria":"Portarias","situacao":"Em vigor","descricao":""},{"ementa":"Disp\u00f5e sobre concess\u00e3o de f\u00e9rias - pr\u00eamio por assiduidade ocupante do cargo efetivo de Agente de Vigil\u00e2ncia Epidemiol\u00f3gica.","dataAtualizacao":"2026-04-10 11:49:10","dataInicioVigencia":null,"dataFimVigencia":null,"data":"2026-04-06","numero":248,"categoria":"Portarias","situacao":"Em vigor","descricao":""},{"ementa":"Disp\u00f5e sobre concess\u00e3o de progress\u00e3o na carreira ocupante do cargo efetivo de Engenheiro Civil.","dataAtualizacao":"2026-04-10 11:42:58","dataInicioVigencia":null,"dataFimVigencia":null,"data":"2026-04-06","numero":247,"categoria":"Portarias","situacao":"Em vigor","descricao":""},{"ementa":"Disp\u00f5e sobre concess\u00e3o de progress\u00e3o na carreira ocupante do cargo efetivo de Auxiliar Administrativo.","dataAtualizacao":"2026-04-10 11:41:56","dataInicioVigencia":null,"dataFimVigencia":null,"data":"2026-04-06","numero":246,"categoria":"Portarias","situacao":"Em vigor","descricao":""},{"ementa":"TERMO DE COLABORA\u00c7\u00c3O QUE ENTRE SI CELEBRAM O MUNIC\u00cdPIO DE CL\u00c1UDIO, ESTADO DE MINAS GERAIS, E A COMUNIDADE VEM SER, PARA OS FINS QUE ESPECIFICA.","dataAtualizacao":"2026-04-23 10:03:51","dataInicioVigencia":null,"dataFimVigencia":null,"data":"2026-04-06","numero":9,"categoria":"MROSC - Termos de Parceria - Atos de Parcerias 3\u00b0 Setor","situacao":"Em vigor","descricao":""},{"ementa":"TERMO DE COLABORA\u00c7\u00c3O QUE ENTRE SI CELEBRAM O MUNIC\u00cdPIO DE CL\u00c1UDIO, ESTADO DE MINAS GERAIS, E A COMUNIDADE VEM SER, PARA OS FINS QUE ESPECIFICA.","dataAtualizacao":"2026-04-23 10:03:13","dataInicioVigencia":null,"dataFimVigencia":null,"data":"2026-04-06","numero":8,"categoria":"MROSC - Termos de Parceria - Atos de Parcerias 3\u00b0 Setor","situacao":"Em vigor","descricao":""},{"ementa":"Disp\u00f5e sobre a rescis\u00e3o de contrato ocupante da fun\u00e7\u00e3o de Auxiliar Administrativo.","dataAtualizacao":"2026-04-10 11:41:20","dataInicioVigencia":null,"dataFimVigencia":null,"data":"2026-04-02","numero":245,"categoria":"Portarias","situacao":"Em vigor","descricao":""},{"ementa":"Disp\u00f5e sobre a rescis\u00e3o de contrato,  a pedido ocupante da fun\u00e7\u00e3o de Odont\u00f3logo de ESF.","dataAtualizacao":"2026-04-10 11:40:32","dataInicioVigencia":null,"dataFimVigencia":null,"data":"2026-04-02","numero":244,"categoria":"Portarias","situacao":"Em vigor","descricao":""},{"ementa":"Institui o N\u00facleo Intersetorial de Preven\u00e7\u00e3o da Viol\u00eancia e Promo\u00e7\u00e3o da Cultura da Paz no Munic\u00edpio de Cl\u00e1udio\/MG e d\u00e1 outras provid\u00eancias.","dataAtualizacao":"2026-04-07 08:41:15","dataInicioVigencia":null,"dataFimVigencia":null,"data":"2026-04-02","numero":243,"categoria":"Portarias","situacao":"Em vigor","descricao":""},{"ementa":"Declara Luto Oficial no Munic\u00edpio de Cl\u00e1udio\/MG, em virtude do falecimento do servidor Douglas Ribeiro J\u00fanior, e d\u00e1 outras provid\u00eancias.","dataAtualizacao":"2026-04-02 10:37:39","dataInicioVigencia":null,"dataFimVigencia":null,"data":"2026-04-01","numero":394,"categoria":"Decretos","situacao":"Em vigor","descricao":""},{"ementa":"Homologa o Resultado Final do Processo Seletivo Simplificado na Modalidade An\u00e1lise Curricular Edital n\u00ba. 010\/2026\/DRH, de 06 de mar\u00e7o de 2026, para a fun\u00e7\u00e3o de T\u00e9cnico Desportivo.","dataAtualizacao":"2026-04-07 13:47:26","dataInicioVigencia":null,"dataFimVigencia":null,"data":"2026-04-01","numero":393,"categoria":"Decretos","situacao":"Em vigor","descricao":""},{"ementa":"Disp\u00f5e sobre concess\u00e3o de licen\u00e7a para tratar de interesses particulares.","dataAtualizacao":"2026-04-10 11:39:54","dataInicioVigencia":null,"dataFimVigencia":null,"data":"2026-04-01","numero":242,"categoria":"Portarias","situacao":"Em vigor","descricao":""},{"ementa":"Disp\u00f5e sobre a contrata\u00e7\u00e3o de Servidor em Car\u00e1ter Excepcional, para a fun\u00e7\u00e3o de Oper\u00e1rio.","dataAtualizacao":"2026-04-10 11:39:21","dataInicioVigencia":null,"dataFimVigencia":null,"data":"2026-04-01","numero":241,"categoria":"Portarias","situacao":"Em vigor","descricao":""},{"ementa":"Justificativa de Inexigibilidade de Chamamento P\u00fablico - Organiza\u00e7\u00e3o da Sociedade Civil\/Proponente - Sindicato dos Produtores Rurais de Cl\u00e1udio - Termo de Colabora\u00e7\u00e3o.","dataAtualizacao":"2026-04-17 08:58:03","dataInicioVigencia":null,"dataFimVigencia":null,"data":"2026-04-01","numero":1,"categoria":"MROSC - Justificativa de inexigibilidade e Dispensa de Chamamento","situacao":"Em vigor","descricao":""},{"ementa":"Disp\u00f5e sobre desligamento de servidor municipal, por Aposentadoria por Idade, ocupante do cargo efetivo de Auxiliar de Odontologia.","dataAtualizacao":"2026-04-10 11:38:29","dataInicioVigencia":null,"dataFimVigencia":null,"data":"2026-03-31","numero":240,"categoria":"Portarias","situacao":"Em vigor","descricao":""},{"ementa":"Raz\u00f5es do Veto \u00e0 Proposi\u00e7\u00e3o de Lei Ordin\u00e1ria n.\u00ba 05, de 31 de mar\u00e7o de 2026.","dataAtualizacao":"2026-03-31 14:53:25","dataInicioVigencia":null,"dataFimVigencia":null,"data":"2026-03-31","numero":1,"categoria":"Veto \u00e0 Proposi\u00e7\u00e3o de Lei","situacao":"Em vigor","descricao":""},{"ementa":"Designa comiss\u00e3o de Processo Administrativo Sancionador, nos termos da Lei Federal n\u00ba 14.133, de 1\u00ba de abril de 2021.","dataAtualizacao":"2026-03-31 10:24:36","dataInicioVigencia":null,"dataFimVigencia":null,"data":"2026-03-30","numero":239,"categoria":"Portarias","situacao":"Em vigor","descricao":""},{"ementa":"Disp\u00f5e sobre a composi\u00e7\u00e3o do Conselho Municipal da Mulher de Cl\u00e1udio\/MG \u2013 CMM.","dataAtualizacao":"2026-03-30 14:19:07","dataInicioVigencia":null,"dataFimVigencia":null,"data":"2026-03-30","numero":238,"categoria":"Portarias","situacao":"Em vigor","descricao":""},{"ementa":"Justificativa de Inexigibilidade de Chamamento P\u00fablico - Organiza\u00e7\u00e3o da Sociedade Civil\/Proponente -Bom Samaritano Associa\u00e7\u00e3o de Amparo - Termo de Colabora\u00e7\u00e3o.","dataAtualizacao":"2026-03-30 15:31:21","dataInicioVigencia":null,"dataFimVigencia":null,"data":"2026-03-30","numero":35,"categoria":"MROSC - Justificativa de inexigibilidade e Dispensa de Chamamento","situacao":"Em vigor","descricao":""},{"ementa":"TERMO DE COLABORA\u00c7\u00c3O QUE ENTRE SI CELEBRAM O MUNIC\u00cdPIO DE CL\u00c1UDIO, ESTADO DE MINAS GERAIS, E O LAR BENEFICENTE SANTO ANT\u00d4NIO, PARA OS FINS QUE ESPECIFICA.","dataAtualizacao":"2026-04-23 10:02:03","dataInicioVigencia":null,"dataFimVigencia":null,"data":"2026-03-30","numero":6,"categoria":"MROSC - Termos de Parceria - Atos de Parcerias 3\u00b0 Setor","situacao":"Em vigor","descricao":""},{"ementa":"TERMO DE COLABORA\u00c7\u00c3O QUE ENTRE SI CELEBRAM O MUNIC\u00cdPIO DE CL\u00c1UDIO, ESTADO DE MINAS GERAIS, E O BOM SAMARITANO ASSOCIA\u00c7\u00c3O DE AMPARO, PARA OS FINS QUE ESPECIFICA.","dataAtualizacao":"2026-04-23 10:01:22","dataInicioVigencia":null,"dataFimVigencia":null,"data":"2026-03-30","numero":5,"categoria":"MROSC - Termos de Parceria - Atos de Parcerias 3\u00b0 Setor","situacao":"Em vigor","descricao":""},{"ementa":"TERMO DE COLABORA\u00c7\u00c3O QUE ENTRE SI CELEBRAM O MUNIC\u00cdPIO DE CL\u00c1UDIO, ESTADO DE MINAS GERAIS, E A ASSOCIA\u00c7\u00c3O DOS ESTUDANTES UNIVERSIT\u00c1RIOS DE CL\u00c1UDIO - ASSETUC, PARA OS FINS QUE ESPECIFICA.","dataAtualizacao":"2026-04-23 10:00:36","dataInicioVigencia":null,"dataFimVigencia":null,"data":"2026-03-30","numero":4,"categoria":"MROSC - Termos de Parceria - Atos de Parcerias 3\u00b0 Setor","situacao":"Em vigor","descricao":""},{"ementa":"Homologa o Resultado Final do Processo Seletivo Simplificado na Modalidade An\u00e1lise Curricular Edital n\u00ba. 009\/2026\/DRH, de 27 de fevereiro de 2026, para a fun\u00e7\u00e3o de Agente Comunit\u00e1rio de Sa\u00fade - ESF VIII - Micro 05.","dataAtualizacao":"2026-04-01 13:34:03","dataInicioVigencia":null,"dataFimVigencia":null,"data":"2026-03-27","numero":389,"categoria":"Decretos","situacao":"Em vigor","descricao":""},{"ementa":"RESOLU\u00c7\u00c3O CMAS 09\/2026- Disp\u00f5e sobre aprova\u00e7\u00e3o das Programa\u00e7\u00f5es do Estrutura Suas n\u00ba.311660520260009, n\u00ba 311660520260009, n\u00ba 311660520260009, que tem por finalidade estruturar a rede de servi\u00e7os do Sistema \u00danico de Assist\u00eancia Social - SUAS, destinadas pelo Deputado A\u00e9cio Neves.","dataAtualizacao":"2026-03-27 14:38:32","dataInicioVigencia":null,"dataFimVigencia":null,"data":"2026-03-26","numero":9,"categoria":"CMAS - Conselho Municipal da Assist\u00eancia Social","situacao":"Em vigor","descricao":""},{"ementa":"RESOLU\u00c7\u00c3O CMAS 08\/2026: Disp\u00f5e sobre aprova\u00e7\u00e3o das Subven\u00e7\u00f5es, Emendas Impositivas e Bancada, bem como as Emendas Parlamentares.","dataAtualizacao":"2026-04-23 14:32:23","dataInicioVigencia":null,"dataFimVigencia":null,"data":"2026-03-26","numero":8,"categoria":"CMAS - Conselho Municipal da Assist\u00eancia Social","situacao":"Em vigor","descricao":""},{"ementa":"RESOLU\u00c7\u00c3O CMAS 07\/2026: Disp\u00f5e sobre aprova\u00e7\u00e3o do Plano de Servi\u00e7o do Confinanciamento Estadual n\u00ba 4251000183\/2026 para o exerc\u00edcio 2026.","dataAtualizacao":"2026-04-23 14:31:19","dataInicioVigencia":null,"dataFimVigencia":null,"data":"2026-03-26","numero":7,"categoria":"CMAS - Conselho Municipal da Assist\u00eancia Social","situacao":"Em vigor","descricao":""},{"ementa":"RESOLU\u00c7\u00c3O CMAS 06\/2026 - Disp\u00f5e sobre aprova\u00e7\u00e3o do Plano de Reprograma\u00e7\u00e3o de Recursos para o Exerc\u00edcio 2026, e d\u00e1 outras provid\u00eancias.","dataAtualizacao":"2026-04-23 14:29:43","dataInicioVigencia":null,"dataFimVigencia":null,"data":"2026-03-26","numero":6,"categoria":"CMAS - Conselho Municipal da Assist\u00eancia Social","situacao":"Em vigor","descricao":""},{"ementa":"Regimento Interno da 11\u00aa Confer\u00eancia Municipal dos Direitos da Crian\u00e7a e do Adolescente de Cl\u00e1udio\/MG.","dataAtualizacao":"2026-04-28 16:24:24","dataInicioVigencia":null,"dataFimVigencia":null,"data":"2026-03-25","numero":1,"categoria":"CMDCA - Conselho Municipal dos Direitos da Crian\u00e7a e Adolescente","situacao":"Em vigor","descricao":""},{"ementa":"Abertura de cr\u00e9dito adicional suplementar no valor de R$ 594.354,24 para refor\u00e7o de dota\u00e7\u00f5es constantes da Lei Or\u00e7ament\u00e1ria vigente.","dataAtualizacao":"2026-04-09 11:51:51","dataInicioVigencia":null,"dataFimVigencia":null,"data":"2026-03-24","numero":388,"categoria":"Decretos","situacao":"Em vigor","descricao":""},{"ementa":"Abertura de cr\u00e9dito adicional suplementar no valor de R$ 369.487,50 para refor\u00e7o de dota\u00e7\u00f5es constantes da Lei Or\u00e7ament\u00e1ria vigente.","dataAtualizacao":"2026-04-09 11:52:35","dataInicioVigencia":null,"dataFimVigencia":null,"data":"2026-03-24","numero":387,"categoria":"Decretos","situacao":"Em vigor","descricao":""},{"ementa":"Disp\u00f5e sobre a contrata\u00e7\u00e3o de Servidor em Car\u00e1ter Excepcional para a fun\u00e7\u00e3o de M\u00e9dico de ESF.","dataAtualizacao":"2026-03-26 11:55:27","dataInicioVigencia":null,"dataFimVigencia":null,"data":"2026-03-23","numero":237,"categoria":"Portarias","situacao":"Em vigor","descricao":""},{"ementa":"Disp\u00f5e sobre a contrata\u00e7\u00e3o de Servidor em Car\u00e1ter Excepcional para a fun\u00e7\u00e3o de T\u00e9cnico de Enfermagem.","dataAtualizacao":"2026-03-26 11:54:40","dataInicioVigencia":null,"dataFimVigencia":null,"data":"2026-03-23","numero":236,"categoria":"Portarias","situacao":"Em vigor","descricao":""},{"ementa":"Disp\u00f5e sobre concess\u00e3o de progress\u00e3o na carreira ocupante do cargo efetivo de Assistente Social.","dataAtualizacao":"2026-03-26 11:53:54","dataInicioVigencia":null,"dataFimVigencia":null,"data":"2026-03-23","numero":235,"categoria":"Portarias","situacao":"Em vigor","descricao":""},{"ementa":"Designa servidor p\u00fablico efetivo para a execu\u00e7\u00e3o de trabalho estrat\u00e9gico e de grande relev\u00e2ncia para a Administra\u00e7\u00e3o Municipal, e determina outras provid\u00eancias.","dataAtualizacao":"2026-03-26 11:53:05","dataInicioVigencia":null,"dataFimVigencia":null,"data":"2026-03-23","numero":233,"categoria":"Portarias","situacao":"Em vigor","descricao":""},{"ementa":"Institui Comiss\u00f5es do Conselho Municipal dos Direitos da Crian\u00e7a e do Adolescente de Cl\u00e1udio\/MG \u2013 CMDCA.","dataAtualizacao":"2026-03-20 16:10:57","dataInicioVigencia":null,"dataFimVigencia":null,"data":"2026-03-20","numero":232,"categoria":"Portarias","situacao":"Em vigor","descricao":""},{"ementa":"Disp\u00f5e sobre a composi\u00e7\u00e3o do Conselho Municipal dos Direitos da Crian\u00e7a e do Adolescente de Cl\u00e1udio\/MG \u2013 CMDCA.","dataAtualizacao":"2026-03-20 16:09:34","dataInicioVigencia":null,"dataFimVigencia":null,"data":"2026-03-20","numero":231,"categoria":"Portarias","situacao":"Em vigor","descricao":""},{"ementa":"Edital de Chamamento P\u00fablico N\u00ba. 005\/2026 - credenciamento de vendedores ambulantes em barracas para o 5\u00ba Festival de Gastronomia do ano de 2026.","dataAtualizacao":"2026-04-22 12:26:37","dataInicioVigencia":null,"dataFimVigencia":null,"data":"2026-03-18","numero":5,"categoria":"Editais","situacao":"Em vigor","descricao":""},{"ementa":"Disp\u00f5e sobre a rescis\u00e3o de contrato, a pedido ocupante da fun\u00e7\u00e3o de T\u00e9cnico de Enfermagem.","dataAtualizacao":"2026-03-17 11:38:52","dataInicioVigencia":null,"dataFimVigencia":null,"data":"2026-03-17","numero":230,"categoria":"Portarias","situacao":"Em vigor","descricao":""},{"ementa":"Abertura de cr\u00e9dito adicional suplementar no valor de R$ 1.128.436,56 para refor\u00e7o de dota\u00e7\u00f5es constantes da Lei Or\u00e7ament\u00e1ria vigente.","dataAtualizacao":"2026-04-02 09:12:47","dataInicioVigencia":null,"dataFimVigencia":null,"data":"2026-03-16","numero":386,"categoria":"Decretos","situacao":"Em vigor","descricao":""},{"ementa":"Abertura de cr\u00e9dito adicional suplementar no valor de R$ 1.064.679,69 para refor\u00e7o de dota\u00e7\u00f5es constantes da Lei Or\u00e7ament\u00e1ria vigente.","dataAtualizacao":"2026-04-02 09:11:51","dataInicioVigencia":null,"dataFimVigencia":null,"data":"2026-03-16","numero":385,"categoria":"Decretos","situacao":"Em vigor","descricao":""},{"ementa":"Disp\u00f5e sobre o cancelamento de cr\u00e9dito tribut\u00e1rio referentes \u00e0 cobran\u00e7a de Imposto Sobre a Propriedade Predial e Territorial Urbana - IPTU.","dataAtualizacao":"2026-03-16 16:35:58","dataInicioVigencia":null,"dataFimVigencia":null,"data":"2026-03-16","numero":384,"categoria":"Decretos","situacao":"Em vigor","descricao":""},{"ementa":"Disp\u00f5e sobre o cancelamento de cr\u00e9dito tribut\u00e1rio referentes \u00e0 cobran\u00e7a da Taxa de Fiscaliza\u00e7\u00e3o, Localiza\u00e7\u00e3o e Funcionamento -TFLF.","dataAtualizacao":"2026-03-16 16:35:11","dataInicioVigencia":null,"dataFimVigencia":null,"data":"2026-03-16","numero":383,"categoria":"Decretos","situacao":"Em vigor","descricao":""},{"ementa":"Disp\u00f5e sobre o cancelamento de cr\u00e9dito tribut\u00e1rio relativos \u00e0 cobran\u00e7a de Taxa de Fiscaliza\u00e7\u00e3o, Localiza\u00e7\u00e3o e Funcionamento - TFLF.","dataAtualizacao":"2026-03-16 16:33:55","dataInicioVigencia":null,"dataFimVigencia":null,"data":"2026-03-16","numero":382,"categoria":"Decretos","situacao":"Em vigor","descricao":""},{"ementa":"Disp\u00f5e sobre a contrata\u00e7\u00e3o de Servidor em Car\u00e1ter Excepcional para a fun\u00e7\u00e3o de Fisioterapeuta.","dataAtualizacao":"2026-03-17 11:38:11","dataInicioVigencia":null,"dataFimVigencia":null,"data":"2026-03-16","numero":229,"categoria":"Portarias","situacao":"Em vigor","descricao":""},{"ementa":"Disp\u00f5e sobre a rescis\u00e3o de contrato, a pedido ocupante da fun\u00e7\u00e3o de T\u00e9cnico de Enfermagem.","dataAtualizacao":"2026-03-17 11:36:53","dataInicioVigencia":null,"dataFimVigencia":null,"data":"2026-03-16","numero":228,"categoria":"Portarias","situacao":"Em vigor","descricao":""},{"ementa":"Disp\u00f5e sobre a contrata\u00e7\u00e3o de Servidor em Car\u00e1ter Excepcional para a fun\u00e7\u00e3o de T\u00e9cnico de Enfermagem.","dataAtualizacao":"2026-03-17 11:36:15","dataInicioVigencia":null,"dataFimVigencia":null,"data":"2026-03-16","numero":227,"categoria":"Portarias","situacao":"Em vigor","descricao":""},{"ementa":"Disp\u00f5e sobre a rescis\u00e3o de contrato, a pedido ocupante da fun\u00e7\u00e3o de T\u00e9cnico de Enfermagem.","dataAtualizacao":"2026-03-17 11:35:30","dataInicioVigencia":null,"dataFimVigencia":null,"data":"2026-03-16","numero":226,"categoria":"Portarias","situacao":"Em vigor","descricao":""},{"ementa":"Nomeia membros da Comiss\u00e3o de Avalia\u00e7\u00e3o do Edital de Chamamento P\u00fablico n.\u00ba 001\/2026 \u2013 Recursos PNAB 2025 \u2013 Execu\u00e7\u00e3o Cultural com Recursos da Pol\u00edtica Nacional Aldir Blanc de Fomento \u00e0 Cultura.","dataAtualizacao":"2026-03-17 15:28:01","dataInicioVigencia":null,"dataFimVigencia":null,"data":"2026-03-16","numero":225,"categoria":"Portarias","situacao":"Em vigor","descricao":""},{"ementa":"Homologa o Resultado Final do Processo Seletivo Simplificado na Modalidade An\u00e1lise Curricular Edital n\u00ba. 008\/2026\/DRH, de 27 de fevereiro de 2026, para a fun\u00e7\u00e3o de Oper\u00e1rio","dataAtualizacao":"2026-03-17 13:45:37","dataInicioVigencia":null,"dataFimVigencia":null,"data":"2026-03-13","numero":381,"categoria":"Decretos","situacao":"Em vigor","descricao":""},{"ementa":"Homologa o Resultado Final do Processo Seletivo Simplificado na Modalidade An\u00e1lise Curricular Edital n\u00ba. 006\/2026\/DRH, de 10 de fevereiro de 2026, para a fun\u00e7\u00e3o de Fiscal Municipal de Obras.","dataAtualizacao":"2026-03-17 13:44:40","dataInicioVigencia":null,"dataFimVigencia":null,"data":"2026-03-13","numero":380,"categoria":"Decretos","situacao":"Em vigor","descricao":""},{"ementa":"Disp\u00f5e sobre a autoriza\u00e7\u00e3o de uso do Poliesportivo de Monsenhor Jo\u00e3o Alexandre, e determina outras provid\u00eancias.","dataAtualizacao":"2026-03-13 15:03:00","dataInicioVigencia":null,"dataFimVigencia":null,"data":"2026-03-13","numero":379,"categoria":"Decretos","situacao":"Em vigor","descricao":""},{"ementa":"Disp\u00f5e sobre a contrata\u00e7\u00e3o de Servidor em Car\u00e1ter Excepcional para a fun\u00e7\u00e3o de T\u00e9cnico de Enfermagem.","dataAtualizacao":"2026-03-17 11:34:39","dataInicioVigencia":null,"dataFimVigencia":null,"data":"2026-03-13","numero":224,"categoria":"Portarias","situacao":"Em vigor","descricao":""},{"ementa":"Disp\u00f5e sobre a rescis\u00e3o de contrato, a pedido, ocupante da fun\u00e7\u00e3o de Operador de M\u00e1quinas.","dataAtualizacao":"2026-03-17 11:33:31","dataInicioVigencia":null,"dataFimVigencia":null,"data":"2026-03-13","numero":223,"categoria":"Portarias","situacao":"Em vigor","descricao":""},{"ementa":"Disp\u00f5e sobre a contrata\u00e7\u00e3o de Servidor em Car\u00e1ter Excepcional para a fun\u00e7\u00e3o de T\u00e9cnico de Enfermagem.","dataAtualizacao":"2026-03-17 11:32:21","dataInicioVigencia":null,"dataFimVigencia":null,"data":"2026-03-13","numero":222,"categoria":"Portarias","situacao":"Em vigor","descricao":""},{"ementa":"Disp\u00f5e sobre a contrata\u00e7\u00e3o de Servidor em Car\u00e1ter Excepcional para a fun\u00e7\u00e3o de T\u00e9cnico de Enfermagem.","dataAtualizacao":"2026-03-17 11:31:28","dataInicioVigencia":null,"dataFimVigencia":null,"data":"2026-03-13","numero":221,"categoria":"Portarias","situacao":"Em vigor","descricao":""},{"ementa":"Disp\u00f5e sobre a contrata\u00e7\u00e3o de Servidor em Car\u00e1ter Excepcional para a fun\u00e7\u00e3o de T\u00e9cnico de Enfermagem.","dataAtualizacao":"2026-03-17 11:28:21","dataInicioVigencia":null,"dataFimVigencia":null,"data":"2026-03-13","numero":220,"categoria":"Portarias","situacao":"Em vigor","descricao":""},{"ementa":"Disp\u00f5e sobre a contrata\u00e7\u00e3o de Servidor em Car\u00e1ter Excepcional para a fun\u00e7\u00e3o de T\u00e9cnico de Enfermagem.","dataAtualizacao":"2026-03-17 11:24:35","dataInicioVigencia":null,"dataFimVigencia":null,"data":"2026-03-13","numero":219,"categoria":"Portarias","situacao":"Em vigor","descricao":""},{"ementa":"Disp\u00f5e sobre a contrata\u00e7\u00e3o de Servidor em Car\u00e1ter Excepcional para a fun\u00e7\u00e3o de T\u00e9cnico de Enfermagem.","dataAtualizacao":"2026-03-17 11:23:31","dataInicioVigencia":null,"dataFimVigencia":null,"data":"2026-03-13","numero":218,"categoria":"Portarias","situacao":"Em vigor","descricao":""},{"ementa":"TERMO DE FOMENTO QUE ENTRE SI CELEBRAM O MUNIC\u00cdPIO DE CL\u00c1UDIO, ESTADO DE MINAS GERAIS, E A IRMANDADE SANTA CRUZ, PARA OS FINS QUE ESPECIFICA.","dataAtualizacao":"2026-03-25 14:56:31","dataInicioVigencia":null,"dataFimVigencia":null,"data":"2026-03-13","numero":6,"categoria":"MROSC - Termos de Parceria - Atos de Parcerias 3\u00b0 Setor","situacao":"Em vigor","descricao":""},{"ementa":"TERMO DE COLABORA\u00c7\u00c3O QUE ENTRE SI CELEBRAM O MUNIC\u00cdPIO DE CL\u00c1UDIO, ESTADO DE MINAS GERAIS, E O SERVI\u00c7O ASSISTENCIAL QUITA GUIMAR\u00c3ES TOLENTINO, PARA OS FINS QUE ESPECIFICA.","dataAtualizacao":"2026-04-23 09:59:55","dataInicioVigencia":null,"dataFimVigencia":null,"data":"2026-03-13","numero":3,"categoria":"MROSC - Termos de Parceria - Atos de Parcerias 3\u00b0 Setor","situacao":"Em vigor","descricao":""},{"ementa":"Declara\u00e7\u00e3o de desist\u00eancia recebida pela Organiza\u00e7\u00e3o da sociedade civil ASSOCIA\u00c7\u00c3O DOS MORADORES DA REGIONAL NOROESTE - ASMORE, recurso contemplado atrav\u00e9s de Emenda Impositiva para o exerc\u00edcio de 2026.","dataAtualizacao":"2026-03-16 10:59:57","dataInicioVigencia":null,"dataFimVigencia":null,"data":"2026-03-13","numero":1,"categoria":"MROSC - Termos de Parceria - Atos de Parcerias 3\u00b0 Setor","situacao":"Em vigor","descricao":""},{"ementa":"Disp\u00f5e sobre a rescis\u00e3o de contrato, a pedido ocupante da fun\u00e7\u00e3o de T\u00e9cnico de Enfermagem.","dataAtualizacao":"2026-03-17 11:22:48","dataInicioVigencia":null,"dataFimVigencia":null,"data":"2026-03-12","numero":217,"categoria":"Portarias","situacao":"Em vigor","descricao":""},{"ementa":"Disp\u00f5e sobre a rescis\u00e3o de contrato, a pedido ocupante da fun\u00e7\u00e3o de T\u00e9cnico de Enfermagem.","dataAtualizacao":"2026-03-17 11:22:15","dataInicioVigencia":null,"dataFimVigencia":null,"data":"2026-03-12","numero":216,"categoria":"Portarias","situacao":"Em vigor","descricao":""},{"ementa":"Disp\u00f5e sobre a rescis\u00e3o de contrato, a pedido ocupante da fun\u00e7\u00e3o de T\u00e9cnico de Enfermagem.","dataAtualizacao":"2026-03-17 11:21:38","dataInicioVigencia":null,"dataFimVigencia":null,"data":"2026-03-12","numero":215,"categoria":"Portarias","situacao":"Em vigor","descricao":""},{"ementa":"Disp\u00f5e sobre a rescis\u00e3o de contrato, a pedido ocupante da fun\u00e7\u00e3o de T\u00e9cnico de Enfermagem.","dataAtualizacao":"2026-03-17 11:21:09","dataInicioVigencia":null,"dataFimVigencia":null,"data":"2026-03-12","numero":214,"categoria":"Portarias","situacao":"Em vigor","descricao":""},{"ementa":"Disp\u00f5e sobre a rescis\u00e3o de contrato,  a pedido ocupante da fun\u00e7\u00e3o de T\u00e9cnico de Enfermagem.","dataAtualizacao":"2026-03-17 11:20:34","dataInicioVigencia":null,"dataFimVigencia":null,"data":"2026-03-12","numero":213,"categoria":"Portarias","situacao":"Em vigor","descricao":""},{"ementa":"Disp\u00f5e sobre a contrata\u00e7\u00e3o de Servidor em Car\u00e1ter Excepcional para a fun\u00e7\u00e3o de Auxiliar Administrativo.","dataAtualizacao":"2026-03-17 11:19:21","dataInicioVigencia":null,"dataFimVigencia":null,"data":"2026-03-12","numero":212,"categoria":"Portarias","situacao":"Em vigor","descricao":""},{"ementa":"RESOLU\u00c7\u00c3O CMAS 05\/2026: Disp\u00f5e sobre aprova\u00e7\u00e3o da Programa\u00e7\u00e3o do EstruturaSuas n\u00ba.311660520260008, que tem por finalidade estruturar a rede de servi\u00e7os do Sistema \u00danico de Assist\u00eancia Social - SUAS.","dataAtualizacao":"2026-03-25 15:17:04","dataInicioVigencia":null,"dataFimVigencia":null,"data":"2026-03-12","numero":5,"categoria":"CMAS - Conselho Municipal da Assist\u00eancia Social","situacao":"Em vigor","descricao":""},{"ementa":"RESOLU\u00c7\u00c3O CMAS 04\/2026 - Disp\u00f5e sobre aprova\u00e7\u00e3o das Programa\u00e7\u00f5es do EstruturaSuas n\u00ba.311660520260002, n\u00ba 311660520260006, n\u00ba 311660520260002, que tem por finalidade estruturar a rede de servi\u00e7os do Sistema \u00danico de Assist\u00eancia Social - SUAS.","dataAtualizacao":"2026-03-13 15:25:05","dataInicioVigencia":null,"dataFimVigencia":null,"data":"2026-03-12","numero":4,"categoria":"CMAS - Conselho Municipal da Assist\u00eancia Social","situacao":"Em vigor","descricao":""},{"ementa":"RESOLU\u00c7\u00c3O CMAS 03\/2026 - Disp\u00f5e sobre aprova\u00e7\u00e3o das Programa\u00e7\u00f5es do EstruturaSuas n\u00ba.311660520260001, n\u00ba 311660520260003, n\u00ba 311660520260004, n\u00ba 311660520260005, n\u00ba 311660520260007,  que tem por finalidade estruturar a rede de servi\u00e7os do Sistema \u00danico de Assist\u00eancia Social - SUAS.","dataAtualizacao":"2026-03-13 15:24:08","dataInicioVigencia":null,"dataFimVigencia":null,"data":"2026-03-12","numero":3,"categoria":"CMAS - Conselho Municipal da Assist\u00eancia Social","situacao":"Em vigor","descricao":""},{"ementa":"Desapropria bem im\u00f3vel declarado de utilidade p\u00fablica atrav\u00e9s do Decreto n\u00ba 199, de 15 de agosto de 2025.","dataAtualizacao":"2026-03-13 15:19:05","dataInicioVigencia":null,"dataFimVigencia":null,"data":"2026-03-11","numero":378,"categoria":"Decretos","situacao":"Em vigor","descricao":""},{"ementa":"Disp\u00f5e sobre o cancelamento de cr\u00e9dito tribut\u00e1rio relativo \u00e0 cobran\u00e7a de Taxa de Fiscaliza\u00e7\u00e3o, Localiza\u00e7\u00e3o e Funcionamento - TFLF.","dataAtualizacao":"2026-03-12 09:48:41","dataInicioVigencia":null,"dataFimVigencia":null,"data":"2026-03-11","numero":377,"categoria":"Decretos","situacao":"Em vigor","descricao":""},{"ementa":"Justificativa de Inexigibilidade de Chamamento P\u00fablico - Organiza\u00e7\u00e3o da Sociedade Civil\/Proponente -Lar Beneficente Santo Ant\u00f4nio - Termo de Colabora\u00e7\u00e3o.","dataAtualizacao":"2026-03-13 15:17:08","dataInicioVigencia":null,"dataFimVigencia":null,"data":"2026-03-11","numero":34,"categoria":"MROSC - Justificativa de inexigibilidade e Dispensa de Chamamento","situacao":"Em vigor","descricao":""},{"ementa":"Ata de n\u00ba 04-2026 - CMAS.","dataAtualizacao":"2026-03-25 15:20:43","dataInicioVigencia":null,"dataFimVigencia":null,"data":"2026-03-11","numero":4,"categoria":"CMAS - Conselho Municipal da Assist\u00eancia Social","situacao":"Em vigor","descricao":""},{"ementa":"Declara Luto Oficial no Munic\u00edpio de Cl\u00e1udio\/MG, em virtude do falecimento do senhor Onias Guimar\u00e3es Tolentino \u201cNanico\u201d, e d\u00e1 outras provid\u00eancias.","dataAtualizacao":"2026-03-11 08:45:11","dataInicioVigencia":null,"dataFimVigencia":null,"data":"2026-03-10","numero":376,"categoria":"Decretos","situacao":"Em vigor","descricao":""},{"ementa":"Disp\u00f5e sobre nomea\u00e7\u00e3o de servidor, provimento de cargo em comiss\u00e3o de Chefe de Servi\u00e7o.","dataAtualizacao":"2026-03-17 11:18:31","dataInicioVigencia":null,"dataFimVigencia":null,"data":"2026-03-09","numero":211,"categoria":"Portarias","situacao":"Em vigor","descricao":""},{"ementa":"Disp\u00f5e sobre desligamento de servidor municipal, por Aposentadoria por Idade ocupante do cargo efetivo de Motorista.","dataAtualizacao":"2026-03-17 11:17:37","dataInicioVigencia":null,"dataFimVigencia":null,"data":"2026-03-09","numero":210,"categoria":"Portarias","situacao":"Em vigor","descricao":""},{"ementa":"Disp\u00f5e sobre desligamento de servidor municipal, por Aposentadoria por Idade ocupante do cargo efetivo de Auxiliar de Odontologia.","dataAtualizacao":"2026-03-17 11:16:46","dataInicioVigencia":null,"dataFimVigencia":null,"data":"2026-03-09","numero":209,"categoria":"Portarias","situacao":"Em vigor","descricao":""},{"ementa":"Disp\u00f5e sobre a contrata\u00e7\u00e3o de Servidor em Car\u00e1ter Excepcional, para a fun\u00e7\u00e3o de T\u00e9cnico de Enfermagem.","dataAtualizacao":"2026-03-17 11:15:36","dataInicioVigencia":null,"dataFimVigencia":null,"data":"2026-03-09","numero":208,"categoria":"Portarias","situacao":"Em vigor","descricao":""},{"ementa":"Disp\u00f5e sobre a rescis\u00e3o de contrato,  a pedido, ocupante da fun\u00e7\u00e3o de T\u00e9cnico de Enfermagem.","dataAtualizacao":"2026-03-17 11:14:54","dataInicioVigencia":null,"dataFimVigencia":null,"data":"2026-03-09","numero":207,"categoria":"Portarias","situacao":"Em vigor","descricao":""},{"ementa":"Disp\u00f5e sobre a nomea\u00e7\u00e3o da Comiss\u00e3o Organizadora da 11\u00aa Confer\u00eancia Municipal da Crian\u00e7a e do Adolescente do Munic\u00edpio de Cl\u00e1udio\/MG.","dataAtualizacao":"2026-03-09 09:27:56","dataInicioVigencia":null,"dataFimVigencia":null,"data":"2026-03-06","numero":375,"categoria":"Decretos","situacao":"Em vigor","descricao":""},{"ementa":"Disp\u00f5e sobre concess\u00e3o de f\u00e9rias - pr\u00eamio por assiduidade.","dataAtualizacao":"2026-03-10 16:47:12","dataInicioVigencia":null,"dataFimVigencia":null,"data":"2026-03-06","numero":206,"categoria":"Portarias","situacao":"Em vigor","descricao":""},{"ementa":"Autoriza a extens\u00e3o da carga hor\u00e1ria de servidora da Secretaria Municipal de Educa\u00e7\u00e3o e determina outras provid\u00eancias.","dataAtualizacao":"2026-03-10 16:22:04","dataInicioVigencia":null,"dataFimVigencia":null,"data":"2026-03-06","numero":205,"categoria":"Portarias","situacao":"Em vigor","descricao":""},{"ementa":"Disp\u00f5e sobre concess\u00e3o de progress\u00e3o na carreira  ocupante do cargo efetivo de T\u00e9cnico Desportivo.","dataAtualizacao":"2026-03-10 16:20:39","dataInicioVigencia":null,"dataFimVigencia":null,"data":"2026-03-06","numero":204,"categoria":"Portarias","situacao":"Em vigor","descricao":""},{"ementa":"Institui a Comiss\u00e3o de Eventos do Munic\u00edpio de Cl\u00e1udio\/MG e determina outras provid\u00eancias.","dataAtualizacao":"2026-03-09 09:27:04","dataInicioVigencia":null,"dataFimVigencia":null,"data":"2026-03-06","numero":203,"categoria":"Portarias","situacao":"Em vigor","descricao":""},{"ementa":"Cria e disp\u00f5e sobre as compet\u00eancias e a composi\u00e7\u00e3o da C\u00e2mara Intersetorial Municipal de Seguran\u00e7a Alimentar e Nutricional (CAISAN), no \u00e2mbito do Sistema Nacional de Seguran\u00e7a Alimentar e Nutricional (SISAN), no Munic\u00edpio de Cl\u00e1udio e d\u00e1 outras provid\u00eancias.","dataAtualizacao":"2026-03-06 13:09:32","dataInicioVigencia":null,"dataFimVigencia":null,"data":"2026-03-05","numero":374,"categoria":"Decretos","situacao":"Em vigor","descricao":""},{"ementa":"Disp\u00f5e sobre as compet\u00eancias, a composi\u00e7\u00e3o e o funcionamento do Conselho Municipal de Seguran\u00e7a Alimentar e Nutricional (CONSEA) do Munic\u00edpio de Cl\u00e1udio, no \u00e2mbito do Sistema Nacional de Seguran\u00e7a Alimentar e Nutricional (SISAN), e d\u00e1 outras provid\u00eancias.","dataAtualizacao":"2026-03-06 13:08:59","dataInicioVigencia":null,"dataFimVigencia":null,"data":"2026-03-05","numero":373,"categoria":"Decretos","situacao":"Em vigor","descricao":""},{"ementa":"Abertura de cr\u00e9dito adicional suplementar no valor de R$ 203.650,71 para refor\u00e7o de dota\u00e7\u00f5es constantes da Lei Or\u00e7ament\u00e1ria vigente.","dataAtualizacao":"2026-03-27 16:11:46","dataInicioVigencia":null,"dataFimVigencia":null,"data":"2026-03-05","numero":372,"categoria":"Decretos","situacao":"Em vigor","descricao":""},{"ementa":"Abertura de cr\u00e9dito adicional suplementar no valor de R$ 504.720,91 para refor\u00e7o de dota\u00e7\u00f5es constantes da Lei Or\u00e7ament\u00e1ria vigente.","dataAtualizacao":"2026-03-27 16:10:49","dataInicioVigencia":null,"dataFimVigencia":null,"data":"2026-03-05","numero":371,"categoria":"Decretos","situacao":"Em vigor","descricao":""},{"ementa":"Disp\u00f5e sobre concess\u00e3o de progress\u00e3o na carreira ocupante do cargo efetivo de Fiscal Municipal de Sa\u00fade.","dataAtualizacao":"2026-03-06 10:09:26","dataInicioVigencia":null,"dataFimVigencia":null,"data":"2026-03-04","numero":202,"categoria":"Portarias","situacao":"Em vigor","descricao":""},{"ementa":"Disp\u00f5e sobre concess\u00e3o de progress\u00e3o na carreira ocupante do cargo efetivo de Agente de Vigil\u00e2ncia Epidemiol\u00f3gica.","dataAtualizacao":"2026-03-06 10:08:27","dataInicioVigencia":null,"dataFimVigencia":null,"data":"2026-03-04","numero":201,"categoria":"Portarias","situacao":"Em vigor","descricao":""},{"ementa":"Disp\u00f5e sobre concess\u00e3o de progress\u00e3o na carreira ocupante do cargo efetivo de Agente Comunit\u00e1rio de Sa\u00fade.","dataAtualizacao":"2026-03-06 10:07:47","dataInicioVigencia":null,"dataFimVigencia":null,"data":"2026-03-04","numero":200,"categoria":"Portarias","situacao":"Em vigor","descricao":""},{"ementa":"Disp\u00f5e sobre concess\u00e3o de progress\u00e3o na carreira ocupante do cargo efetivo de Procurador Municipal.","dataAtualizacao":"2026-03-06 10:07:02","dataInicioVigencia":null,"dataFimVigencia":null,"data":"2026-03-04","numero":199,"categoria":"Portarias","situacao":"Em vigor","descricao":""},{"ementa":"Disp\u00f5e sobre concess\u00e3o de progress\u00e3o na carreira ocupante do cargo efetivo de Fiscal Municipal de Tributa\u00e7\u00e3o.","dataAtualizacao":"2026-03-06 10:05:56","dataInicioVigencia":null,"dataFimVigencia":null,"data":"2026-03-04","numero":198,"categoria":"Portarias","situacao":"Em vigor","descricao":""},{"ementa":"Disp\u00f5e sobre concess\u00e3o de progress\u00e3o na carreira ocupante do cargo efetivo de Auxiliar Administrativo.","dataAtualizacao":"2026-03-06 10:04:48","dataInicioVigencia":null,"dataFimVigencia":null,"data":"2026-03-04","numero":197,"categoria":"Portarias","situacao":"Em vigor","descricao":""},{"ementa":"Disp\u00f5e sobre concess\u00e3o de progress\u00e3o na carreira ocupante do cargo efetivo de Auxiliar Administrativo.","dataAtualizacao":"2026-03-06 10:04:11","dataInicioVigencia":null,"dataFimVigencia":null,"data":"2026-03-04","numero":196,"categoria":"Portarias","situacao":"Em vigor","descricao":""},{"ementa":"Disp\u00f5e sobre o cancelamento de cr\u00e9dito tribut\u00e1rio referente \u00e0 cobran\u00e7a de Imposto sobre a Propriedade Predial e Territorial Urbana - IPTU.","dataAtualizacao":"2026-03-03 17:14:35","dataInicioVigencia":null,"dataFimVigencia":null,"data":"2026-03-03","numero":370,"categoria":"Decretos","situacao":"Em vigor","descricao":""},{"ementa":"Altera o Decreto n.\u00ba 365, de 24 de fevereiro de 2026, que disp\u00f5e sobre a convoca\u00e7\u00e3o da 11\u00aa Confer\u00eancia Municipal da Crian\u00e7a e do Adolescente do Munic\u00edpio de Cl\u00e1udio\/MG, e d\u00e1 outras provid\u00eancias.","dataAtualizacao":"2026-03-03 16:46:40","dataInicioVigencia":null,"dataFimVigencia":null,"data":"2026-03-03","numero":369,"categoria":"Decretos","situacao":"Em vigor","descricao":""},{"ementa":"Disp\u00f5e sobre a contrata\u00e7\u00e3o de Servidor em Car\u00e1ter Excepcional para a fun\u00e7\u00e3o de T\u00e9cnico de Enfermagem.","dataAtualizacao":"2026-03-06 10:03:23","dataInicioVigencia":null,"dataFimVigencia":null,"data":"2026-03-03","numero":195,"categoria":"Portarias","situacao":"Em vigor","descricao":""},{"ementa":"Disp\u00f5e sobre a contrata\u00e7\u00e3o de Servidor em Car\u00e1ter Excepcional para a fun\u00e7\u00e3o de T\u00e9cnico de Enfermagem.","dataAtualizacao":"2026-03-06 10:02:52","dataInicioVigencia":null,"dataFimVigencia":null,"data":"2026-03-03","numero":194,"categoria":"Portarias","situacao":"Em vigor","descricao":""},{"ementa":"Disp\u00f5e sobre a contrata\u00e7\u00e3o de Servidor em Car\u00e1ter Excepcional para a fun\u00e7\u00e3o de T\u00e9cnico de Enfermagem.","dataAtualizacao":"2026-03-06 10:02:20","dataInicioVigencia":null,"dataFimVigencia":null,"data":"2026-03-03","numero":193,"categoria":"Portarias","situacao":"Em vigor","descricao":""},{"ementa":"Disp\u00f5e sobre a contrata\u00e7\u00e3o de Servidor em Car\u00e1ter Excepcional para a fun\u00e7\u00e3o de T\u00e9cnico de Enfermagem.","dataAtualizacao":"2026-03-06 10:00:59","dataInicioVigencia":null,"dataFimVigencia":null,"data":"2026-03-03","numero":192,"categoria":"Portarias","situacao":"Em vigor","descricao":""},{"ementa":"Disp\u00f5e sobre a contrata\u00e7\u00e3o de Servidor em Car\u00e1ter Excepcional para a fun\u00e7\u00e3o de T\u00e9cnico de Enfermagem.","dataAtualizacao":"2026-03-06 10:00:25","dataInicioVigencia":null,"dataFimVigencia":null,"data":"2026-03-03","numero":191,"categoria":"Portarias","situacao":"Em vigor","descricao":""},{"ementa":"Disp\u00f5e sobre a contrata\u00e7\u00e3o de Servidor em Car\u00e1ter Excepcional para a fun\u00e7\u00e3o de T\u00e9cnico de Enfermagem.","dataAtualizacao":"2026-03-06 09:59:55","dataInicioVigencia":null,"dataFimVigencia":null,"data":"2026-03-03","numero":190,"categoria":"Portarias","situacao":"Em vigor","descricao":""},{"ementa":"Disp\u00f5e sobre a contrata\u00e7\u00e3o de Servidor em Car\u00e1ter Excepcional para a fun\u00e7\u00e3o de T\u00e9cnico de Enfermagem.","dataAtualizacao":"2026-03-06 09:59:22","dataInicioVigencia":null,"dataFimVigencia":null,"data":"2026-03-03","numero":189,"categoria":"Portarias","situacao":"Em vigor","descricao":""},{"ementa":"Disp\u00f5e sobre a contrata\u00e7\u00e3o de Servidor em Car\u00e1ter Excepcional para a fun\u00e7\u00e3o de T\u00e9cnico de Enfermagem.","dataAtualizacao":"2026-03-06 09:58:49","dataInicioVigencia":null,"dataFimVigencia":null,"data":"2026-03-03","numero":188,"categoria":"Portarias","situacao":"Em vigor","descricao":""},{"ementa":"Disp\u00f5e sobre a contrata\u00e7\u00e3o de Servidor em Car\u00e1ter Excepcional para a fun\u00e7\u00e3o de T\u00e9cnico de Enfermagem.","dataAtualizacao":"2026-03-06 09:58:01","dataInicioVigencia":null,"dataFimVigencia":null,"data":"2026-03-03","numero":187,"categoria":"Portarias","situacao":"Em vigor","descricao":""},{"ementa":"Disp\u00f5e sobre a contrata\u00e7\u00e3o de Servidor em Car\u00e1ter Excepcional para a fun\u00e7\u00e3o de T\u00e9cnico de Enfermagem.","dataAtualizacao":"2026-03-06 09:57:28","dataInicioVigencia":null,"dataFimVigencia":null,"data":"2026-03-03","numero":186,"categoria":"Portarias","situacao":"Em vigor","descricao":""},{"ementa":"Disp\u00f5e sobre a contrata\u00e7\u00e3o de Servidor em Car\u00e1ter Excepcional para a fun\u00e7\u00e3o de T\u00e9cnico de Enfermagem.","dataAtualizacao":"2026-03-06 09:56:53","dataInicioVigencia":null,"dataFimVigencia":null,"data":"2026-03-03","numero":185,"categoria":"Portarias","situacao":"Em vigor","descricao":""},{"ementa":"Disp\u00f5e sobre a contrata\u00e7\u00e3o de Servidor em Car\u00e1ter Excepcional para a fun\u00e7\u00e3o de T\u00e9cnico de Enfermagem.","dataAtualizacao":"2026-03-06 09:56:07","dataInicioVigencia":null,"dataFimVigencia":null,"data":"2026-03-03","numero":184,"categoria":"Portarias","situacao":"Em vigor","descricao":""},{"ementa":"Disp\u00f5e sobre a contrata\u00e7\u00e3o de Servidor em Car\u00e1ter Excepcional para a fun\u00e7\u00e3o de T\u00e9cnico de Enfermagem.","dataAtualizacao":"2026-03-06 09:55:32","dataInicioVigencia":null,"dataFimVigencia":null,"data":"2026-03-03","numero":183,"categoria":"Portarias","situacao":"Em vigor","descricao":""},{"ementa":"Disp\u00f5e sobre a contrata\u00e7\u00e3o de Servidor em Car\u00e1ter Excepcional para a fun\u00e7\u00e3o de T\u00e9cnico de Enfermagem.","dataAtualizacao":"2026-03-06 09:54:57","dataInicioVigencia":null,"dataFimVigencia":null,"data":"2026-03-03","numero":182,"categoria":"Portarias","situacao":"Em vigor","descricao":""},{"ementa":"Disp\u00f5e sobre a contrata\u00e7\u00e3o de Servidor em Car\u00e1ter Excepcional para a fun\u00e7\u00e3o de T\u00e9cnico de Enfermagem.","dataAtualizacao":"2026-03-06 09:54:24","dataInicioVigencia":null,"dataFimVigencia":null,"data":"2026-03-03","numero":181,"categoria":"Portarias","situacao":"Em vigor","descricao":""},{"ementa":"Estabelece prazo e crit\u00e9rios para o recolhimento de tributos de compet\u00eancia municipal, referente ao exerc\u00edcio de 2026 e determina outras provid\u00eancias.","dataAtualizacao":"2026-04-23 08:39:17","dataInicioVigencia":null,"dataFimVigencia":null,"data":"2026-03-02","numero":368,"categoria":"Decretos","situacao":"Em vigor","descricao":""},{"ementa":"Estabelece prazo e crit\u00e9rios para o recolhimento de tributos de compet\u00eancia municipal, referente ao exerc\u00edcio de 2026 e determina outras provid\u00eancias.","dataAtualizacao":"2026-04-23 08:38:02","dataInicioVigencia":null,"dataFimVigencia":null,"data":"2026-03-02","numero":367,"categoria":"Decretos","situacao":"Em vigor","descricao":""},{"ementa":"Disp\u00f5e sobre a contrata\u00e7\u00e3o de Servidor em Car\u00e1ter Excepcional para a fun\u00e7\u00e3o de T\u00e9cnico de Enfermagem.","dataAtualizacao":"2026-03-06 09:53:54","dataInicioVigencia":null,"dataFimVigencia":null,"data":"2026-03-02","numero":180,"categoria":"Portarias","situacao":"Em vigor","descricao":""},{"ementa":"Disp\u00f5e sobre a contrata\u00e7\u00e3o de Servidor em Car\u00e1ter Excepcional para a fun\u00e7\u00e3o de T\u00e9cnico de Enfermagem.","dataAtualizacao":"2026-03-06 09:53:21","dataInicioVigencia":null,"dataFimVigencia":null,"data":"2026-03-02","numero":179,"categoria":"Portarias","situacao":"Em vigor","descricao":""},{"ementa":"Disp\u00f5e sobre a contrata\u00e7\u00e3o de Servidor em Car\u00e1ter Excepcional para a fun\u00e7\u00e3o de Psic\u00f3logo.","dataAtualizacao":"2026-03-06 09:52:30","dataInicioVigencia":null,"dataFimVigencia":null,"data":"2026-03-02","numero":178,"categoria":"Portarias","situacao":"Em vigor","descricao":""},{"ementa":"Disp\u00f5e sobre a contrata\u00e7\u00e3o de Servidor em Car\u00e1ter Excepcional para a fun\u00e7\u00e3o de Fisioterapeuta.","dataAtualizacao":"2026-03-06 09:51:49","dataInicioVigencia":null,"dataFimVigencia":null,"data":"2026-03-02","numero":177,"categoria":"Portarias","situacao":"Em vigor","descricao":""},{"ementa":"Disp\u00f5e sobre a contrata\u00e7\u00e3o de Servidor em Car\u00e1ter Excepcional para a fun\u00e7\u00e3o de M\u00e9dico de ESF.","dataAtualizacao":"2026-03-06 09:24:10","dataInicioVigencia":null,"dataFimVigencia":null,"data":"2026-03-02","numero":176,"categoria":"Portarias","situacao":"Em vigor","descricao":""},{"ementa":"Disp\u00f5e sobre a rescis\u00e3o de contrato, a pedido, ocupante da fun\u00e7\u00e3o de T\u00e9cnico de Enfermagem.","dataAtualizacao":"2026-03-06 09:23:19","dataInicioVigencia":null,"dataFimVigencia":null,"data":"2026-03-02","numero":175,"categoria":"Portarias","situacao":"Em vigor","descricao":""},{"ementa":"Disp\u00f5e sobre a rescis\u00e3o de contrato, a pedido, ocupante da fun\u00e7\u00e3o de T\u00e9cnico de Enfermagem.","dataAtualizacao":"2026-03-06 09:22:45","dataInicioVigencia":null,"dataFimVigencia":null,"data":"2026-03-02","numero":174,"categoria":"Portarias","situacao":"Em vigor","descricao":""},{"ementa":"Disp\u00f5e sobre a rescis\u00e3o de contrato, a pedido, ocupante da fun\u00e7\u00e3o de T\u00e9cnico de Enfermagem.","dataAtualizacao":"2026-03-06 09:22:11","dataInicioVigencia":null,"dataFimVigencia":null,"data":"2026-03-02","numero":173,"categoria":"Portarias","situacao":"Em vigor","descricao":""},{"ementa":"Disp\u00f5e sobre a rescis\u00e3o de contrato, a pedido, ocupante da fun\u00e7\u00e3o de T\u00e9cnico de Enfermagem.","dataAtualizacao":"2026-03-06 09:21:39","dataInicioVigencia":null,"dataFimVigencia":null,"data":"2026-03-02","numero":172,"categoria":"Portarias","situacao":"Em vigor","descricao":""},{"ementa":"Disp\u00f5e sobre a rescis\u00e3o de contrato, a pedido, ocupante da fun\u00e7\u00e3o de T\u00e9cnico de Enfermagem.","dataAtualizacao":"2026-03-06 09:21:02","dataInicioVigencia":null,"dataFimVigencia":null,"data":"2026-03-02","numero":171,"categoria":"Portarias","situacao":"Em vigor","descricao":""},{"ementa":"Disp\u00f5e sobre a rescis\u00e3o de contrato, a pedido, ocupante da fun\u00e7\u00e3o de T\u00e9cnico de Enfermagem.","dataAtualizacao":"2026-03-06 09:20:28","dataInicioVigencia":null,"dataFimVigencia":null,"data":"2026-03-02","numero":170,"categoria":"Portarias","situacao":"Em vigor","descricao":""},{"ementa":"Disp\u00f5e sobre a rescis\u00e3o de contrato, a pedido, ocupante da fun\u00e7\u00e3o de T\u00e9cnico de Enfermagem.","dataAtualizacao":"2026-03-06 09:19:55","dataInicioVigencia":null,"dataFimVigencia":null,"data":"2026-03-02","numero":169,"categoria":"Portarias","situacao":"Em vigor","descricao":""},{"ementa":"Disp\u00f5e sobre a rescis\u00e3o de contrato, a pedido, ocupante da fun\u00e7\u00e3o de T\u00e9cnico de Enfermagem.","dataAtualizacao":"2026-03-06 09:19:17","dataInicioVigencia":null,"dataFimVigencia":null,"data":"2026-03-02","numero":168,"categoria":"Portarias","situacao":"Em vigor","descricao":""},{"ementa":"Disp\u00f5e sobre a rescis\u00e3o de contrato, a pedido, ocupante da fun\u00e7\u00e3o de T\u00e9cnico de Enfermagem.","dataAtualizacao":"2026-03-06 09:18:32","dataInicioVigencia":null,"dataFimVigencia":null,"data":"2026-03-02","numero":167,"categoria":"Portarias","situacao":"Em vigor","descricao":""},{"ementa":"Disp\u00f5e sobre a rescis\u00e3o de contrato, a pedido, ocupante da fun\u00e7\u00e3o de T\u00e9cnico de Enfermagem.","dataAtualizacao":"2026-03-06 09:18:02","dataInicioVigencia":null,"dataFimVigencia":null,"data":"2026-03-02","numero":166,"categoria":"Portarias","situacao":"Em vigor","descricao":""},{"ementa":"Disp\u00f5e sobre a rescis\u00e3o de contrato, a pedido, ocupante da fun\u00e7\u00e3o de T\u00e9cnico de Enfermagem.","dataAtualizacao":"2026-03-06 09:17:25","dataInicioVigencia":null,"dataFimVigencia":null,"data":"2026-03-02","numero":165,"categoria":"Portarias","situacao":"Em vigor","descricao":""},{"ementa":"Disp\u00f5e sobre a rescis\u00e3o de contrato, a pedido, ocupante da fun\u00e7\u00e3o de T\u00e9cnico de Enfermagem.","dataAtualizacao":"2026-03-06 09:16:50","dataInicioVigencia":null,"dataFimVigencia":null,"data":"2026-03-02","numero":164,"categoria":"Portarias","situacao":"Em vigor","descricao":""},{"ementa":"Disp\u00f5e sobre a rescis\u00e3o de contrato, a pedido, ocupante da fun\u00e7\u00e3o de T\u00e9cnico de Enfermagem.","dataAtualizacao":"2026-03-06 09:16:20","dataInicioVigencia":null,"dataFimVigencia":null,"data":"2026-03-02","numero":163,"categoria":"Portarias","situacao":"Em vigor","descricao":""},{"ementa":"Disp\u00f5e sobre a rescis\u00e3o de contrato, a pedido, ocupante da fun\u00e7\u00e3o de T\u00e9cnico de Enfermagem.","dataAtualizacao":"2026-03-06 09:15:48","dataInicioVigencia":null,"dataFimVigencia":null,"data":"2026-03-02","numero":162,"categoria":"Portarias","situacao":"Em vigor","descricao":""},{"ementa":"Disp\u00f5e sobre a rescis\u00e3o de contrato, a pedido, ocupante da fun\u00e7\u00e3o de T\u00e9cnico de Enfermagem.","dataAtualizacao":"2026-03-06 09:14:54","dataInicioVigencia":null,"dataFimVigencia":null,"data":"2026-03-02","numero":161,"categoria":"Portarias","situacao":"Em vigor","descricao":""},{"ementa":"Institui Comiss\u00f5es do Conselho Municipal dos Direitos da Crian\u00e7a e do Adolescente de Cl\u00e1udio\/MG \u2013 CMDCA.","dataAtualizacao":"2026-03-02 14:55:58","dataInicioVigencia":null,"dataFimVigencia":null,"data":"2026-03-02","numero":160,"categoria":"Portarias","situacao":"Em vigor","descricao":""},{"ementa":"Disp\u00f5e sobre a composi\u00e7\u00e3o do Conselho Municipal dos Direitos da Crian\u00e7a e do Adolescente de Cl\u00e1udio\/MG \u2013 CMDCA.","dataAtualizacao":"2026-03-02 14:55:25","dataInicioVigencia":null,"dataFimVigencia":null,"data":"2026-03-02","numero":159,"categoria":"Portarias","situacao":"Em vigor","descricao":""},{"ementa":"Disp\u00f5e sobre a rescis\u00e3o de contrato,  a pedido, ocupante da fun\u00e7\u00e3o de Fisioterapeuta.","dataAtualizacao":"2026-03-06 09:14:01","dataInicioVigencia":null,"dataFimVigencia":null,"data":"2026-03-02","numero":158,"categoria":"Portarias","situacao":"Em vigor","descricao":""},{"ementa":"Disp\u00f5e sobre a rescis\u00e3o de contrato, a pedido, ocupante da fun\u00e7\u00e3o de Auxiliar de Servi\u00e7os Gerais.","dataAtualizacao":"2026-03-06 13:52:37","dataInicioVigencia":null,"dataFimVigencia":null,"data":"2026-03-02","numero":157,"categoria":"Portarias","situacao":"Em vigor","descricao":""},{"ementa":"Homologa o Resultado Final do Processo Seletivo Simplificado na Modalidade An\u00e1lise Curricular Edital n\u00ba. 004\/2026\/DRH, de 29 de janeiro de 2026, para a fun\u00e7\u00e3o de Atendente de ESF.","dataAtualizacao":"2026-03-04 10:17:49","dataInicioVigencia":null,"dataFimVigencia":null,"data":"2026-02-27","numero":366,"categoria":"Decretos","situacao":"Em vigor","descricao":""},{"ementa":"Disp\u00f5e sobre a rescis\u00e3o de contrato,  a pedido, ocupante da fun\u00e7\u00e3o de Farmac\u00eautico.","dataAtualizacao":"2026-03-06 09:13:12","dataInicioVigencia":null,"dataFimVigencia":null,"data":"2026-02-27","numero":156,"categoria":"Portarias","situacao":"Em vigor","descricao":""},{"ementa":"Disp\u00f5e sobre exonera\u00e7\u00e3o do servidor ocupante de cargo de provimento em comiss\u00e3o, a pedido.","dataAtualizacao":"2026-03-06 09:12:32","dataInicioVigencia":null,"dataFimVigencia":null,"data":"2026-02-27","numero":155,"categoria":"Portarias","situacao":"Em vigor","descricao":""},{"ementa":"TERMO DE FOMENTO QUE ENTRE SI CELEBRAM O MUNIC\u00cdPIO DE CL\u00c1UDIO, ESTADO DE MINAS GERAIS, E A FEDERA\u00c7\u00c3O CLAUDIENSE DE RODEIO, PARA OS FINS QUE ESPECIFICA.","dataAtualizacao":"2026-03-25 14:55:44","dataInicioVigencia":null,"dataFimVigencia":null,"data":"2026-02-26","numero":5,"categoria":"MROSC - Termos de Parceria - Atos de Parcerias 3\u00b0 Setor","situacao":"Em vigor","descricao":""},{"ementa":"TERMO DE FOMENTO QUE ENTRE SI CELEBRAM O MUNIC\u00cdPIO DE CL\u00c1UDIO, ESTADO DE MINAS GERAIS, E A FEDERA\u00c7\u00c3O CLAUDIENSE DE RODEIO, PARA OS FINS QUE ESPECIFICA.","dataAtualizacao":"2026-03-25 14:54:51","dataInicioVigencia":null,"dataFimVigencia":null,"data":"2026-02-26","numero":4,"categoria":"MROSC - Termos de Parceria - Atos de Parcerias 3\u00b0 Setor","situacao":"Em vigor","descricao":""},{"ementa":"TERMO DE FOMENTO QUE ENTRE SI CELEBRAM O MUNIC\u00cdPIO DE CL\u00c1UDIO, ESTADO DE MINAS GERAIS, E O MOTOCLUB JACAR\u00c9S DAS GERAIS, PARA OS FINS QUE ESPECIFICA.","dataAtualizacao":"2026-03-25 14:54:02","dataInicioVigencia":null,"dataFimVigencia":null,"data":"2026-02-26","numero":3,"categoria":"MROSC - Termos de Parceria - Atos de Parcerias 3\u00b0 Setor","situacao":"Em vigor","descricao":""},{"ementa":"TERMO DE FOMENTO QUE ENTRE SI CELEBRAM O MUNIC\u00cdPIO DE CL\u00c1UDIO, ESTADO DE MINAS GERAIS, E O MOTOCLUB JACAR\u00c9S DAS GERAIS, PARA OS FINS QUE ESPECIFICA.","dataAtualizacao":"2026-03-25 14:53:23","dataInicioVigencia":null,"dataFimVigencia":null,"data":"2026-02-26","numero":2,"categoria":"MROSC - Termos de Parceria - Atos de Parcerias 3\u00b0 Setor","situacao":"Em vigor","descricao":""},{"ementa":"Disp\u00f5e sobre concess\u00e3o de licen\u00e7a para tratar de interesses particulares, ocupante do cargo efetivo de M\u00e9dico de ESF.","dataAtualizacao":"2026-03-06 09:10:25","dataInicioVigencia":null,"dataFimVigencia":null,"data":"2026-02-25","numero":154,"categoria":"Portarias","situacao":"Em vigor","descricao":""},{"ementa":"Nomeia comiss\u00f5es para confer\u00eancia e levantamento de invent\u00e1rios f\u00edsicos e financeiros provid\u00eancias.","dataAtualizacao":"2026-03-06 09:11:40","dataInicioVigencia":null,"dataFimVigencia":null,"data":"2026-02-25","numero":153,"categoria":"Portarias","situacao":"Em vigor","descricao":""},{"ementa":"Disp\u00f5e sobre a composi\u00e7\u00e3o do Conselho Municipal do Turismo - COMTUR e determina outras provid\u00eancias","dataAtualizacao":"2026-03-02 14:50:41","dataInicioVigencia":null,"dataFimVigencia":null,"data":"2026-02-25","numero":152,"categoria":"Portarias","situacao":"Em vigor","descricao":""},{"ementa":"Ata da 1\u00aa reuni\u00e3o ordin\u00e1ria do CODEMA.","dataAtualizacao":"2026-02-26 09:34:40","dataInicioVigencia":null,"dataFimVigencia":null,"data":"2026-02-25","numero":1,"categoria":"CODEMA","situacao":"Em vigor","descricao":""},{"ementa":"Disp\u00f5e sobre a convoca\u00e7\u00e3o da 11\u00aa Confer\u00eancia Municipal da Crian\u00e7a e do Adolescente do Munic\u00edpio de Cl\u00e1udio\/MG, e d\u00e1 outras provid\u00eancias.","dataAtualizacao":"2026-02-24 17:08:53","dataInicioVigencia":null,"dataFimVigencia":null,"data":"2026-02-24","numero":365,"categoria":"Decretos","situacao":"Em vigor","descricao":""},{"ementa":"Disp\u00f5e sobre a autoriza\u00e7\u00e3o de uso do Parque de Exposi\u00e7\u00f5es \u201cQuinto Guimar\u00e3es Tolentino\u201d, e determina outras provid\u00eancias.","dataAtualizacao":"2026-02-24 16:01:20","dataInicioVigencia":null,"dataFimVigencia":null,"data":"2026-02-24","numero":364,"categoria":"Decretos","situacao":"Em vigor","descricao":""},{"ementa":"Designa Comiss\u00e3o de Avalia\u00e7\u00e3o do Patrim\u00f4nio P\u00fablico Municipal, e determina outras provid\u00eancias.","dataAtualizacao":"2026-02-24 17:12:58","dataInicioVigencia":null,"dataFimVigencia":null,"data":"2026-02-24","numero":151,"categoria":"Portarias","situacao":"Em vigor","descricao":""},{"ementa":"Institui Comiss\u00f5es do Conselho Municipal dos Direitos da Pessoa com Defici\u00eancia de Cl\u00e1udio\/MG\u2013 COMPED.","dataAtualizacao":"2026-02-24 16:17:51","dataInicioVigencia":null,"dataFimVigencia":null,"data":"2026-02-24","numero":150,"categoria":"Portarias","situacao":"Em vigor","descricao":""},{"ementa":"Nomeia membros da Comiss\u00e3o de Trabalho para Administra\u00e7\u00e3o das Demandas de Obras e Aprova\u00e7\u00e3o de Projetos, no \u00e2mbito da Secretaria Municipal de Obras e Infraestrutura.","dataAtualizacao":"2026-02-24 16:16:57","dataInicioVigencia":null,"dataFimVigencia":null,"data":"2026-02-24","numero":149,"categoria":"Portarias","situacao":"Em vigor","descricao":""},{"ementa":"Autoriza o cancelamento de empenho e d\u00e1 outras provid\u00eancias.","dataAtualizacao":"2026-02-23 12:00:18","dataInicioVigencia":null,"dataFimVigencia":null,"data":"2026-02-23","numero":363,"categoria":"Decretos","situacao":"Em vigor","descricao":""},{"ementa":"Designa Comiss\u00e3o especial de Chamamento P\u00fablico e determina outras provid\u00eancias.","dataAtualizacao":"2026-02-27 16:04:49","dataInicioVigencia":null,"dataFimVigencia":null,"data":"2026-02-23","numero":148,"categoria":"Portarias","situacao":"Em vigor","descricao":""},{"ementa":"Abertura de cr\u00e9dito adicional suplementar no valor de R$ 81.928,80 para refor\u00e7o de dota\u00e7\u00f5es constantes da Lei Or\u00e7ament\u00e1ria vigente.","dataAtualizacao":"2026-03-26 14:22:06","dataInicioVigencia":null,"dataFimVigencia":null,"data":"2026-02-20","numero":362,"categoria":"Decretos","situacao":"Em vigor","descricao":""},{"ementa":"Abertura de cr\u00e9dito adicional suplementar no valor de R$ 845.355,58 para refor\u00e7o de dota\u00e7\u00f5es constantes da Lei Or\u00e7ament\u00e1ria vigente.","dataAtualizacao":"2026-03-26 14:20:41","dataInicioVigencia":null,"dataFimVigencia":null,"data":"2026-02-20","numero":361,"categoria":"Decretos","situacao":"Em vigor","descricao":""},{"ementa":"Abertura de cr\u00e9dito adicional suplementar no valor de R$ 554.086,94 para refor\u00e7o de dota\u00e7\u00f5es constantes da Lei Or\u00e7ament\u00e1ria vigente.","dataAtualizacao":"2026-03-26 14:19:51","dataInicioVigencia":null,"dataFimVigencia":null,"data":"2026-02-20","numero":360,"categoria":"Decretos","situacao":"Em vigor","descricao":""},{"ementa":"Disp\u00f5e sobre a contrata\u00e7\u00e3o de Servidor em Car\u00e1ter Excepcional para a fun\u00e7\u00e3o de Fisioterapeuta.","dataAtualizacao":"2026-02-20 09:50:21","dataInicioVigencia":null,"dataFimVigencia":null,"data":"2026-02-19","numero":147,"categoria":"Portarias","situacao":"Em vigor","descricao":""},{"ementa":"Disp\u00f5e sobre a contrata\u00e7\u00e3o de Servidor em Car\u00e1ter Excepcional para a fun\u00e7\u00e3o de Auxiliar Administrativo.","dataAtualizacao":"2026-02-20 09:44:20","dataInicioVigencia":null,"dataFimVigencia":null,"data":"2026-02-19","numero":146,"categoria":"Portarias","situacao":"Em vigor","descricao":""},{"ementa":"Ata da Segunda Reuni\u00e3o Ordin\u00e1ria do Conselho Municipal da Cidade.","dataAtualizacao":"2026-02-19 10:43:58","dataInicioVigencia":null,"dataFimVigencia":null,"data":"2026-02-19","numero":0,"categoria":"CONSELHO DA CIDADE","situacao":"Em vigor","descricao":""},{"ementa":"Disp\u00f5e sobre desligamento de servidor municipal, por Aposentadoria por Idade, ocupante do cargo efetivo de Auxiliar de Enfermagem.","dataAtualizacao":"2026-02-20 09:43:17","dataInicioVigencia":null,"dataFimVigencia":null,"data":"2026-02-18","numero":145,"categoria":"Portarias","situacao":"Em vigor","descricao":""},{"ementa":"Disp\u00f5e sobre a rescis\u00e3o de contrato, a pedido, ocupante da fun\u00e7\u00e3o de Psic\u00f3logo.","dataAtualizacao":"2026-02-20 09:42:19","dataInicioVigencia":null,"dataFimVigencia":null,"data":"2026-02-18","numero":144,"categoria":"Portarias","situacao":"Em vigor","descricao":""},{"ementa":"Homologa o Resultado Final do Processo Seletivo Simplificado na Modalidade An\u00e1lise Curricular Edital n\u00ba. 003\/2026\/DRH, de 26 de janeiro de 2026, para a fun\u00e7\u00e3o de T\u00e9cnico de Enfermagem.","dataAtualizacao":"2026-02-23 09:27:31","dataInicioVigencia":null,"dataFimVigencia":null,"data":"2026-02-13","numero":359,"categoria":"Decretos","situacao":"Em vigor","descricao":""},{"ementa":"Abertura de cr\u00e9dito adicional suplementar no valor de R$ 500.000,00 para refor\u00e7o de dota\u00e7\u00f5es constantes da Lei Or\u00e7ament\u00e1ria vigente.","dataAtualizacao":"2026-03-03 08:27:29","dataInicioVigencia":null,"dataFimVigencia":null,"data":"2026-02-12","numero":358,"categoria":"Decretos","situacao":"Em vigor","descricao":""},{"ementa":"Abertura de cr\u00e9dito adicional suplementar no valor de R$ 416.854,58 para refor\u00e7o de dota\u00e7\u00f5es constantes da Lei Or\u00e7ament\u00e1ria vigente.","dataAtualizacao":"2026-03-03 16:50:50","dataInicioVigencia":null,"dataFimVigencia":null,"data":"2026-02-12","numero":357,"categoria":"Decretos","situacao":"Em vigor","descricao":""},{"ementa":"Abertura de cr\u00e9dito adicional suplementar no valor de R$ 178.965,98 para refor\u00e7o de dota\u00e7\u00f5es constantes da Lei Or\u00e7ament\u00e1ria vigente.","dataAtualizacao":"2026-03-03 08:26:11","dataInicioVigencia":null,"dataFimVigencia":null,"data":"2026-02-12","numero":356,"categoria":"Decretos","situacao":"Em vigor","descricao":""},{"ementa":"Prorroga o prazo de validade do Processo Seletivo Simplificado na Modalidade An\u00e1lise Curricular Edital n\u00ba. 009\/2025\/DRH, homologado em 21 de Fevereiro de 2025, para a fun\u00e7\u00e3o de Agente de Vigil\u00e2ncia Epidemiol\u00f3gica, e d\u00e1 outras provid\u00eancias.","dataAtualizacao":"2026-02-12 17:01:04","dataInicioVigencia":null,"dataFimVigencia":null,"data":"2026-02-12","numero":355,"categoria":"Decretos","situacao":"Em vigor","descricao":""},{"ementa":"Prorroga o prazo de validade do Processo Seletivo Simplificado na Modalidade An\u00e1lise Curricular Edital n\u00ba. 008\/2025\/DRH, homologado em 19 de Fevereiro de 2025, para a fun\u00e7\u00e3o de Veterin\u00e1rio, e d\u00e1 outras provid\u00eancias.","dataAtualizacao":"2026-02-12 17:00:26","dataInicioVigencia":null,"dataFimVigencia":null,"data":"2026-02-12","numero":354,"categoria":"Decretos","situacao":"Em vigor","descricao":""},{"ementa":"Disp\u00f5e sobre a rescis\u00e3o de contrato,  a pedido, ocupante da fun\u00e7\u00e3o de M\u00e9dico de ESF.","dataAtualizacao":"2026-02-20 09:41:29","dataInicioVigencia":null,"dataFimVigencia":null,"data":"2026-02-12","numero":143,"categoria":"Portarias","situacao":"Em vigor","descricao":""},{"ementa":"Disp\u00f5e sobre nomea\u00e7\u00e3o de Conselheiro Tutelar, mandato eletivo nomear  a Sra. Rosa Am\u00e9lia Salom\u00e9 Freitas.","dataAtualizacao":"2026-02-20 09:40:41","dataInicioVigencia":null,"dataFimVigencia":null,"data":"2026-02-12","numero":142,"categoria":"Portarias","situacao":"Em vigor","descricao":""},{"ementa":"Disp\u00f5e sobre a rescis\u00e3o de contrato, a pedido, ocupante da fun\u00e7\u00e3o de Auxiliar Administrativo.","dataAtualizacao":"2026-02-20 09:39:42","dataInicioVigencia":null,"dataFimVigencia":null,"data":"2026-02-12","numero":141,"categoria":"Portarias","situacao":"Em vigor","descricao":""},{"ementa":"Designa servidor p\u00fablico efetivo para a execu\u00e7\u00e3o de trabalho estrat\u00e9gico e de grande relev\u00e2ncia para a Administra\u00e7\u00e3o Municipal, e determina outras provid\u00eancias.","dataAtualizacao":"2026-02-13 12:36:43","dataInicioVigencia":null,"dataFimVigencia":null,"data":"2026-02-12","numero":140,"categoria":"Portarias","situacao":"Em vigor","descricao":""},{"ementa":"Designa Servidor P\u00fablico Municipal para o exerc\u00edcio \u201cad hoc\u201d da fun\u00e7\u00e3o de Fiscal Municipal de Posturas durante a realiza\u00e7\u00e3o de eventos no exerc\u00edcio de 2026.","dataAtualizacao":"2026-02-12 11:11:31","dataInicioVigencia":null,"dataFimVigencia":null,"data":"2026-02-12","numero":139,"categoria":"Portarias","situacao":"Em vigor","descricao":""},{"ementa":"CONCURSO DE BLOCOS - CLAUDIOFOLIA 2026. Objetivo: Valorizar a criatividade, a anima\u00e7\u00e3o e a organiza\u00e7\u00e3o dos blocos carnavalescos, incentivando a participa\u00e7\u00e3o popular e fortalecendo a tradi\u00e7\u00e3o cultural do Munic\u00edpio.","dataAtualizacao":"2026-02-12 10:51:45","dataInicioVigencia":null,"dataFimVigencia":null,"data":"2026-02-12","numero":1,"categoria":"REGULAMENTO","situacao":"Em vigor","descricao":""},{"ementa":"Prorroga o prazo de validade do Processo Seletivo Simplificado na Modalidade An\u00e1lise Curricular Edital n\u00ba. 007\/2025\/DRH, homologado em 12 de Fevereiro de 2025, para a fun\u00e7\u00e3o de Farmac\u00eautico, e d\u00e1 outras provid\u00eancias.","dataAtualizacao":"2026-02-12 16:59:45","dataInicioVigencia":null,"dataFimVigencia":null,"data":"2026-02-11","numero":353,"categoria":"Decretos","situacao":"Em vigor","descricao":""},{"ementa":"Institui Comiss\u00f5es do Conselho Municipal do Idoso \u2013 CMI.","dataAtualizacao":"2026-02-12 10:54:59","dataInicioVigencia":null,"dataFimVigencia":null,"data":"2026-02-10","numero":138,"categoria":"Portarias","situacao":"Em vigor","descricao":""},{"ementa":"Institui Comiss\u00f5es do Conselho Municipal dos Direitos da Crian\u00e7a e do Adolescente de Cl\u00e1udio\/MG \u2013 CMDCA.","dataAtualizacao":"2026-03-02 14:57:21","dataInicioVigencia":null,"dataFimVigencia":null,"data":"2026-02-10","numero":137,"categoria":"Portarias","situacao":"Revogada Totalmente","descricao":""},{"ementa":"Disp\u00f5e sobre concess\u00e3o de f\u00e9rias - pr\u00eamio por assiduidade.","dataAtualizacao":"2026-02-13 12:35:48","dataInicioVigencia":null,"dataFimVigencia":null,"data":"2026-02-09","numero":136,"categoria":"Portarias","situacao":"Em vigor","descricao":""},{"ementa":"Disp\u00f5e sobre a contrata\u00e7\u00e3o de Servidor em Car\u00e1ter Excepcional para a fun\u00e7\u00e3o de M\u00e9dico de ESF.","dataAtualizacao":"2026-02-13 12:34:51","dataInicioVigencia":null,"dataFimVigencia":null,"data":"2026-02-09","numero":135,"categoria":"Portarias","situacao":"Em vigor","descricao":""},{"ementa":"Disp\u00f5e sobre o procedimento para apura\u00e7\u00e3o da base de c\u00e1lculo do Imposto sobre a Transmiss\u00e3o de Bens Im\u00f3veis Inter Vivos - ITBI, revoga o Decreto n.\u00ba 134, de 08 de janeiro de 2018, e d\u00e1 outras provid\u00eancias.","dataAtualizacao":"2026-02-09 10:37:08","dataInicioVigencia":null,"dataFimVigencia":null,"data":"2026-02-06","numero":352,"categoria":"Decretos","situacao":"Em vigor","descricao":""},{"ementa":"Institui Comiss\u00f5es do Conselho Municipal de Assist\u00eancia Social - CMAS.","dataAtualizacao":"2026-02-09 10:47:05","dataInicioVigencia":null,"dataFimVigencia":null,"data":"2026-02-06","numero":134,"categoria":"Portarias","situacao":"Em vigor","descricao":""},{"ementa":"Disp\u00f5e sobre a composi\u00e7\u00e3o do Conselho Municipal dos Direitos da Popula\u00e7\u00e3o LGBT .","dataAtualizacao":"2026-02-09 10:45:41","dataInicioVigencia":null,"dataFimVigencia":null,"data":"2026-02-06","numero":133,"categoria":"Portarias","situacao":"Em vigor","descricao":""},{"ementa":"Disp\u00f5e sobre a composi\u00e7\u00e3o do Conselho Municipal do Idoso do Munic\u00edpio de Cl\u00e1udio\/MG \u2013 CMI.","dataAtualizacao":"2026-04-09 11:50:40","dataInicioVigencia":null,"dataFimVigencia":null,"data":"2026-02-06","numero":132,"categoria":"Portarias","situacao":"Revogada Totalmente","descricao":""},{"ementa":"Disp\u00f5e sobre a composi\u00e7\u00e3o do Conselho Municipal dos Direitos da Crian\u00e7a e do Adolescente de Cl\u00e1udio\/MG \u2013 CMDCA.","dataAtualizacao":"2026-03-02 14:56:47","dataInicioVigencia":null,"dataFimVigencia":null,"data":"2026-02-06","numero":131,"categoria":"Portarias","situacao":"Revogada Totalmente","descricao":""},{"ementa":"Disp\u00f5e sobre a composi\u00e7\u00e3o do Conselho Municipal dos Direitos da Pessoa com Defici\u00eancia de Cl\u00e1udio\/MG \u2013 COMPED.","dataAtualizacao":"2026-02-09 10:43:06","dataInicioVigencia":null,"dataFimVigencia":null,"data":"2026-02-06","numero":130,"categoria":"Portarias","situacao":"Em vigor","descricao":""},{"ementa":"Disp\u00f5e sobre a composi\u00e7\u00e3o do Conselho Municipal de Assist\u00eancia Social de Cl\u00e1udio\/MG \u2013 CMAS.","dataAtualizacao":"2026-02-09 10:42:20","dataInicioVigencia":null,"dataFimVigencia":null,"data":"2026-02-06","numero":129,"categoria":"Portarias","situacao":"Em vigor","descricao":""},{"ementa":"Ata 341\u00aa do Conselho Municipal de Sa\u00fade - 2026.","dataAtualizacao":"2026-03-05 08:48:06","dataInicioVigencia":null,"dataFimVigencia":null,"data":"2026-02-05","numero":341,"categoria":"CMS - Conselho Municipal da Sa\u00fade","situacao":"Em vigor","descricao":""},{"ementa":"Designa comiss\u00e3o para atuar em Processo Administrativo Disciplinar que visa a apurar suposta irregularidade cometida por agente tempor\u00e1ria, contratada com fundamento na Lei Complementar Municipal n\u00ba 21, de 22 de novembro de 2010, e d\u00e1 outras provid\u00eancias.","dataAtualizacao":"2026-02-10 09:26:33","dataInicioVigencia":null,"dataFimVigencia":null,"data":"2026-02-05","numero":128,"categoria":"Portarias","situacao":"Em vigor","descricao":""},{"ementa":"Nomeia membros das Comiss\u00f5es de Pareceristas, de Monitoramento e Avalia\u00e7\u00e3o e de An\u00e1lise e Apoio Financeiro, bem como Gestora de Parcerias celebradas com Organiza\u00e7\u00f5es da Sociedade Civil \u2013 MROSC, no \u00e2mbito da Secretaria Municipal de Assist\u00eancia Social.","dataAtualizacao":"2026-02-05 16:32:17","dataInicioVigencia":null,"dataFimVigencia":null,"data":"2026-02-05","numero":127,"categoria":"Portarias","situacao":"Em vigor","descricao":""},{"ementa":"Ata de n\u00ba 03-2026 - CMAS.","dataAtualizacao":"2026-03-25 15:19:59","dataInicioVigencia":null,"dataFimVigencia":null,"data":"2026-02-05","numero":3,"categoria":"CMAS - Conselho Municipal da Assist\u00eancia Social","situacao":"Em vigor","descricao":""},{"ementa":"Edital de Convoca\u00e7\u00e3o n\u00ba.  01-2026 - Convoca\u00e7\u00e3o de Conselheiro Tutelar suplente para assun\u00e7\u00e3o de vaga no Conselho Tutelar de Cl\u00e1udio\/MG - Mandato 2024\/2028.","dataAtualizacao":"2026-02-06 09:45:08","dataInicioVigencia":null,"dataFimVigencia":null,"data":"2026-02-05","numero":1,"categoria":"Editais","situacao":"Em vigor","descricao":""},{"ementa":"Prorroga o prazo de validade do Processo Seletivo Simplificado na Modalidade An\u00e1lise Curricular Edital n\u00ba. 005\/2025\/DRH, homologado em 05 de Fevereiro de 2025, para a fun\u00e7\u00e3o de Operador de M\u00e1quinas, e d\u00e1 outras provid\u00eancias.","dataAtualizacao":"2026-02-05 16:27:10","dataInicioVigencia":null,"dataFimVigencia":null,"data":"2026-02-04","numero":351,"categoria":"Decretos","situacao":"Em vigor","descricao":""},{"ementa":"Prorroga o prazo de validade do Processo Seletivo Simplificado na Modalidade An\u00e1lise Curricular Edital n\u00ba. 004\/2025\/DRH, homologado em 07 de Fevereiro de 2025, para a fun\u00e7\u00e3o de Engenheiro Civil, e d\u00e1 outras provid\u00eancias.","dataAtualizacao":"2026-02-05 16:22:50","dataInicioVigencia":null,"dataFimVigencia":null,"data":"2026-02-04","numero":350,"categoria":"Decretos","situacao":"Em vigor","descricao":""},{"ementa":"Prorroga o prazo de validade do Processo Seletivo Simplificado na Modalidade An\u00e1lise Curricular Edital n\u00ba. 003\/2025\/DRH, homologado em 05 de Fevereiro de 2025, para a fun\u00e7\u00e3o de M\u00e9dico de ESF, e d\u00e1 outras provid\u00eancias.","dataAtualizacao":"2026-02-05 16:21:26","dataInicioVigencia":null,"dataFimVigencia":null,"data":"2026-02-04","numero":349,"categoria":"Decretos","situacao":"Em vigor","descricao":""},{"ementa":"Disp\u00f5e sobre concess\u00e3o de f\u00e9rias - pr\u00eamio por assiduidade.","dataAtualizacao":"2026-02-13 12:33:35","dataInicioVigencia":null,"dataFimVigencia":null,"data":"2026-02-03","numero":126,"categoria":"Portarias","situacao":"Em vigor","descricao":""},{"ementa":"Disp\u00f5e sobre concess\u00e3o de progress\u00e3o na carreira ocupante do cargo efetivo de Agente Comunit\u00e1rio de Sa\u00fade.","dataAtualizacao":"2026-02-04 09:59:39","dataInicioVigencia":null,"dataFimVigencia":null,"data":"2026-02-03","numero":125,"categoria":"Portarias","situacao":"Em vigor","descricao":""},{"ementa":"Ata de n\u00ba 02-2026 - CMAS.","dataAtualizacao":"2026-03-25 15:19:09","dataInicioVigencia":null,"dataFimVigencia":null,"data":"2026-02-03","numero":2,"categoria":"CMAS - Conselho Municipal da Assist\u00eancia Social","situacao":"Em vigor","descricao":""},{"ementa":"Disp\u00f5e sobre o cancelamento de cr\u00e9dito tribut\u00e1rio relativos ao Imposto Sobre Servi\u00e7os de Qualquer Natureza - ISSQN.","dataAtualizacao":"2026-02-03 15:56:22","dataInicioVigencia":null,"dataFimVigencia":null,"data":"2026-02-02","numero":348,"categoria":"Decretos","situacao":"Em vigor","descricao":""},{"ementa":"Abertura de cr\u00e9dito adicional suplementar no valor de R$ 39.419,00 para refor\u00e7o de dota\u00e7\u00f5es constantes da Lei Or\u00e7ament\u00e1ria vigente.","dataAtualizacao":"2026-02-19 08:47:10","dataInicioVigencia":null,"dataFimVigencia":null,"data":"2026-02-02","numero":347,"categoria":"Decretos","situacao":"Em vigor","descricao":""},{"ementa":"Abertura de cr\u00e9dito adicional suplementar no valor de R$ 416.844,94 para refor\u00e7o de dota\u00e7\u00f5es constantes da Lei Or\u00e7ament\u00e1ria vigente.","dataAtualizacao":"2026-02-19 08:46:32","dataInicioVigencia":null,"dataFimVigencia":null,"data":"2026-02-02","numero":346,"categoria":"Decretos","situacao":"Em vigor","descricao":""},{"ementa":"Institui Comiss\u00e3o Permanente de Avalia\u00e7\u00e3o de Desempenho e de Desenvolvimento Funcional \u2013 CPA \u2013 para fins de Progress\u00e3o, Promo\u00e7\u00e3o e Est\u00e1gio Probat\u00f3rio, nos termos da Lei Complementar n\u00ba. 41\/2012, e determina outras provid\u00eancias.","dataAtualizacao":"2026-02-03 15:55:32","dataInicioVigencia":null,"dataFimVigencia":null,"data":"2026-02-02","numero":345,"categoria":"Decretos","situacao":"Em vigor","descricao":""},{"ementa":"Institui Comiss\u00e3o Permanente de Avalia\u00e7\u00e3o de Desempenho e de Desenvolvimento Funcional \u2013 CPA, para fins de Progress\u00e3o, Promo\u00e7\u00e3o e Est\u00e1gio Probat\u00f3rio, nos termos da Lei Complementar n.\u00ba 40\/2012, e determina outras provid\u00eancias.","dataAtualizacao":"2026-02-03 15:54:44","dataInicioVigencia":null,"dataFimVigencia":null,"data":"2026-02-02","numero":344,"categoria":"Decretos","situacao":"Em vigor","descricao":""},{"ementa":"Disp\u00f5e sobre a contrata\u00e7\u00e3o de Servidor em Car\u00e1ter Excepcional para a fun\u00e7\u00e3o de Auxiliar Administrativo.","dataAtualizacao":"2026-02-04 09:59:37","dataInicioVigencia":null,"dataFimVigencia":null,"data":"2026-02-02","numero":124,"categoria":"Portarias","situacao":"Em vigor","descricao":""},{"ementa":"Disp\u00f5e sobre a contrata\u00e7\u00e3o de Servidor em Car\u00e1ter Excepcional para a fun\u00e7\u00e3o de Auxiliar Administrativo.","dataAtualizacao":"2026-02-04 09:59:34","dataInicioVigencia":null,"dataFimVigencia":null,"data":"2026-02-02","numero":123,"categoria":"Portarias","situacao":"Em vigor","descricao":""},{"ementa":"Disp\u00f5e sobre a contrata\u00e7\u00e3o de Servidor em Car\u00e1ter Excepcional para a fun\u00e7\u00e3o de Auxiliar Administrativo.","dataAtualizacao":"2026-02-04 09:59:31","dataInicioVigencia":null,"dataFimVigencia":null,"data":"2026-02-02","numero":122,"categoria":"Portarias","situacao":"Em vigor","descricao":""},{"ementa":"Disp\u00f5e sobre a contrata\u00e7\u00e3o de Servidor em Car\u00e1ter Excepcional para a fun\u00e7\u00e3o de Auxiliar Administrativo.","dataAtualizacao":"2026-02-04 09:59:28","dataInicioVigencia":null,"dataFimVigencia":null,"data":"2026-02-02","numero":121,"categoria":"Portarias","situacao":"Em vigor","descricao":""},{"ementa":"Disp\u00f5e sobre a contrata\u00e7\u00e3o de Servidor em Car\u00e1ter Excepcional para a fun\u00e7\u00e3o de Fisioterapeuta.","dataAtualizacao":"2026-02-04 09:59:25","dataInicioVigencia":null,"dataFimVigencia":null,"data":"2026-02-02","numero":120,"categoria":"Portarias","situacao":"Em vigor","descricao":""},{"ementa":"Disp\u00f5e sobre concess\u00e3o de progress\u00e3o na carreira ocupante do cargo efetivo de Agente Comunit\u00e1rio de Sa\u00fade.","dataAtualizacao":"2026-02-04 09:59:17","dataInicioVigencia":null,"dataFimVigencia":null,"data":"2026-02-02","numero":119,"categoria":"Portarias","situacao":"Em vigor","descricao":""},{"ementa":"Disp\u00f5e sobre concess\u00e3o de progress\u00e3o na carreira ocupante do cargo efetivo de Auxiliar Administrativo.","dataAtualizacao":"2026-02-04 09:59:10","dataInicioVigencia":null,"dataFimVigencia":null,"data":"2026-02-02","numero":118,"categoria":"Portarias","situacao":"Em vigor","descricao":""},{"ementa":"Disp\u00f5e sobre concess\u00e3o de progress\u00e3o na carreira ocupante do cargo efetivo de Operador de M\u00e1quinas.","dataAtualizacao":"2026-02-04 09:59:07","dataInicioVigencia":null,"dataFimVigencia":null,"data":"2026-02-02","numero":117,"categoria":"Portarias","situacao":"Em vigor","descricao":""},{"ementa":"Disp\u00f5e sobre concess\u00e3o de progress\u00e3o na carreira ocupante do cargo efetivo de Oper\u00e1rio.","dataAtualizacao":"2026-02-04 09:59:05","dataInicioVigencia":null,"dataFimVigencia":null,"data":"2026-02-02","numero":116,"categoria":"Portarias","situacao":"Em vigor","descricao":""},{"ementa":"Disp\u00f5e sobre concess\u00e3o de progress\u00e3o na carreira ocupante do cargo efetivo de Oper\u00e1rio.","dataAtualizacao":"2026-02-04 09:59:02","dataInicioVigencia":null,"dataFimVigencia":null,"data":"2026-02-02","numero":115,"categoria":"Portarias","situacao":"Em vigor","descricao":""},{"ementa":"Disp\u00f5e sobre concess\u00e3o de progress\u00e3o na carreira ocupante do cargo efetivo de Oper\u00e1rio.","dataAtualizacao":"2026-02-04 09:58:59","dataInicioVigencia":null,"dataFimVigencia":null,"data":"2026-02-02","numero":114,"categoria":"Portarias","situacao":"Em vigor","descricao":""},{"ementa":"Disp\u00f5e sobre concess\u00e3o de progress\u00e3o na carreira ocupante do cargo efetivo de Oper\u00e1rio.","dataAtualizacao":"2026-02-04 09:58:56","dataInicioVigencia":null,"dataFimVigencia":null,"data":"2026-02-02","numero":113,"categoria":"Portarias","situacao":"Em vigor","descricao":""},{"ementa":"Disp\u00f5e sobre concess\u00e3o de progress\u00e3o na carreira ocupante do cargo efetivo de Oper\u00e1rio.","dataAtualizacao":"2026-02-04 09:58:52","dataInicioVigencia":null,"dataFimVigencia":null,"data":"2026-02-02","numero":112,"categoria":"Portarias","situacao":"Em vigor","descricao":""},{"ementa":"Disp\u00f5e sobre concess\u00e3o de progress\u00e3o na carreira ocupante do cargo efetivo de Oper\u00e1rio.","dataAtualizacao":"2026-02-04 09:58:47","dataInicioVigencia":null,"dataFimVigencia":null,"data":"2026-02-02","numero":111,"categoria":"Portarias","situacao":"Em vigor","descricao":""},{"ementa":"Disp\u00f5e sobre concess\u00e3o de progress\u00e3o na carreira ocupante do cargo efetivo de Oper\u00e1rio.","dataAtualizacao":"2026-02-04 09:58:37","dataInicioVigencia":null,"dataFimVigencia":null,"data":"2026-02-02","numero":110,"categoria":"Portarias","situacao":"Em vigor","descricao":""},{"ementa":"Disp\u00f5e sobre concess\u00e3o de progress\u00e3o na carreira ocupante do cargo efetivo de Oper\u00e1rio.","dataAtualizacao":"2026-02-04 09:58:33","dataInicioVigencia":null,"dataFimVigencia":null,"data":"2026-02-02","numero":109,"categoria":"Portarias","situacao":"Em vigor","descricao":""},{"ementa":"Disp\u00f5e sobre concess\u00e3o de progress\u00e3o na carreira ocupante do cargo efetivo de Vigia Noturno.","dataAtualizacao":"2026-02-04 09:58:29","dataInicioVigencia":null,"dataFimVigencia":null,"data":"2026-02-02","numero":108,"categoria":"Portarias","situacao":"Em vigor","descricao":""},{"ementa":"Disp\u00f5e sobre concess\u00e3o de progress\u00e3o na carreira ocupante do cargo efetivo de Operador de M\u00e1quinas.","dataAtualizacao":"2026-02-04 09:58:25","dataInicioVigencia":null,"dataFimVigencia":null,"data":"2026-02-02","numero":107,"categoria":"Portarias","situacao":"Em vigor","descricao":""},{"ementa":"Disp\u00f5e sobre concess\u00e3o de progress\u00e3o na carreira ocupante do cargo efetivo de Auxiliar Administrativo.","dataAtualizacao":"2026-02-04 09:58:22","dataInicioVigencia":null,"dataFimVigencia":null,"data":"2026-02-02","numero":106,"categoria":"Portarias","situacao":"Em vigor","descricao":""},{"ementa":"Disp\u00f5e sobre concess\u00e3o de progress\u00e3o na carreira ocupante do cargo efetivo de Auxiliar de Servi\u00e7os Gerais.","dataAtualizacao":"2026-02-04 09:58:18","dataInicioVigencia":null,"dataFimVigencia":null,"data":"2026-02-02","numero":105,"categoria":"Portarias","situacao":"Em vigor","descricao":""},{"ementa":"Disp\u00f5e sobre concess\u00e3o de progress\u00e3o na carreira ocupante do cargo efetivo de Auxiliar Administrativo.","dataAtualizacao":"2026-02-04 09:58:13","dataInicioVigencia":null,"dataFimVigencia":null,"data":"2026-02-02","numero":104,"categoria":"Portarias","situacao":"Em vigor","descricao":""},{"ementa":"Disp\u00f5e sobre concess\u00e3o de progress\u00e3o na carreira ocupante do cargo efetivo de Auxiliar Administrativo.","dataAtualizacao":"2026-02-04 09:58:09","dataInicioVigencia":null,"dataFimVigencia":null,"data":"2026-02-02","numero":103,"categoria":"Portarias","situacao":"Em vigor","descricao":""},{"ementa":"Disp\u00f5e sobre concess\u00e3o de progress\u00e3o na carreira ocupante do cargo efetivo de Auxiliar de Servi\u00e7os Gerais.","dataAtualizacao":"2026-02-04 09:58:06","dataInicioVigencia":null,"dataFimVigencia":null,"data":"2026-02-02","numero":102,"categoria":"Portarias","situacao":"Em vigor","descricao":""},{"ementa":"Disp\u00f5e sobre concess\u00e3o de progress\u00e3o na carreira ocupante do cargo efetivo de Auxiliar Administrativo.","dataAtualizacao":"2026-02-04 09:58:02","dataInicioVigencia":null,"dataFimVigencia":null,"data":"2026-02-02","numero":101,"categoria":"Portarias","situacao":"Em vigor","descricao":""},{"ementa":"Disp\u00f5e sobre concess\u00e3o de progress\u00e3o na carreira ocupante do cargo efetivo de Vigia Noturno.","dataAtualizacao":"2026-02-04 09:57:55","dataInicioVigencia":null,"dataFimVigencia":null,"data":"2026-02-02","numero":100,"categoria":"Portarias","situacao":"Em vigor","descricao":""},{"ementa":"Disp\u00f5e sobre concess\u00e3o de progress\u00e3o na carreira ocupante do cargo efetivo de M\u00e9dico de ESF.","dataAtualizacao":"2026-02-04 09:57:52","dataInicioVigencia":null,"dataFimVigencia":null,"data":"2026-02-02","numero":99,"categoria":"Portarias","situacao":"Em vigor","descricao":""},{"ementa":"Disp\u00f5e sobre concess\u00e3o de progress\u00e3o na carreira ocupante do cargo efetivo de Atendente de ESF.","dataAtualizacao":"2026-02-04 09:57:49","dataInicioVigencia":null,"dataFimVigencia":null,"data":"2026-02-02","numero":98,"categoria":"Portarias","situacao":"Em vigor","descricao":""},{"ementa":"Disp\u00f5e sobre concess\u00e3o de progress\u00e3o na carreira ocupante do cargo efetivo de Atendente de ESF.","dataAtualizacao":"2026-02-04 09:57:45","dataInicioVigencia":null,"dataFimVigencia":null,"data":"2026-02-02","numero":97,"categoria":"Portarias","situacao":"Em vigor","descricao":""},{"ementa":"Disp\u00f5e sobre concess\u00e3o de progress\u00e3o na carreira ocupante do cargo efetivo de Agente Comunit\u00e1rio de Sa\u00fade.","dataAtualizacao":"2026-02-04 09:57:42","dataInicioVigencia":null,"dataFimVigencia":null,"data":"2026-02-02","numero":96,"categoria":"Portarias","situacao":"Em vigor","descricao":""},{"ementa":"Disp\u00f5e sobre concess\u00e3o de progress\u00e3o na carreira ocupante do cargo efetivo de Agente Comunit\u00e1rio de Sa\u00fade.","dataAtualizacao":"2026-02-04 09:57:39","dataInicioVigencia":null,"dataFimVigencia":null,"data":"2026-02-02","numero":95,"categoria":"Portarias","situacao":"Em vigor","descricao":""},{"ementa":"Disp\u00f5e sobre concess\u00e3o de progress\u00e3o na carreira ocupante do cargo efetivo de Agente Comunit\u00e1rio de Sa\u00fade.","dataAtualizacao":"2026-02-04 09:57:35","dataInicioVigencia":null,"dataFimVigencia":null,"data":"2026-02-02","numero":94,"categoria":"Portarias","situacao":"Em vigor","descricao":""},{"ementa":"Disp\u00f5e sobre concess\u00e3o de progress\u00e3o na carreira ocupante do cargo efetivo de Atendente de ESF.","dataAtualizacao":"2026-02-04 09:57:33","dataInicioVigencia":null,"dataFimVigencia":null,"data":"2026-02-02","numero":93,"categoria":"Portarias","situacao":"Em vigor","descricao":""},{"ementa":"Disp\u00f5e sobre concess\u00e3o de progress\u00e3o na carreira ocupante do cargo efetivo de Auxiliar Administrativo.","dataAtualizacao":"2026-02-04 09:57:30","dataInicioVigencia":null,"dataFimVigencia":null,"data":"2026-02-02","numero":92,"categoria":"Portarias","situacao":"Em vigor","descricao":""},{"ementa":"Designa servidor p\u00fablico efetivo para a execu\u00e7\u00e3o de trabalho estrat\u00e9gico e de grande relev\u00e2ncia para a Administra\u00e7\u00e3o Municipal, e determina outras provid\u00eancias.","dataAtualizacao":"2026-02-04 09:57:27","dataInicioVigencia":null,"dataFimVigencia":null,"data":"2026-02-02","numero":91,"categoria":"Portarias","situacao":"Em vigor","descricao":""},{"ementa":"Designa servidor p\u00fablico efetivo para a execu\u00e7\u00e3o de trabalho estrat\u00e9gico e de grande relev\u00e2ncia para a Administra\u00e7\u00e3o Municipal, e determina outras provid\u00eancias.","dataAtualizacao":"2026-02-04 09:57:25","dataInicioVigencia":null,"dataFimVigencia":null,"data":"2026-02-02","numero":90,"categoria":"Portarias","situacao":"Em vigor","descricao":""},{"ementa":"TERMO DE FOMENTO QUE ENTRE SI CELEBRAM O MUNIC\u00cdPIO DE CL\u00c1UDIO, ESTADO DE MINAS GERAIS, E O BLOCO COURO DE RATO, PARA OS FINS QUE ESPECIFICA.","dataAtualizacao":"2026-03-25 14:52:39","dataInicioVigencia":null,"dataFimVigencia":null,"data":"2026-02-02","numero":1,"categoria":"MROSC - Termos de Parceria - Atos de Parcerias 3\u00b0 Setor","situacao":"Em vigor","descricao":""},{"ementa":"Disp\u00f5e sobre a composi\u00e7\u00e3o da Coordenadoria Municipal da Defesa Civil - COMDEC e d\u00e1 outras provid\u00eancias.","dataAtualizacao":"2026-02-03 15:59:19","dataInicioVigencia":null,"dataFimVigencia":null,"data":"2026-01-30","numero":89,"categoria":"Portarias","situacao":"Em vigor","descricao":""},{"ementa":"Disp\u00f5e sobre exonera\u00e7\u00e3o, a pedido, do servidor ocupante de mandato eletivo para fun\u00e7\u00e3o de Conselheiro Tutelar.","dataAtualizacao":"2026-02-02 16:11:10","dataInicioVigencia":null,"dataFimVigencia":null,"data":"2026-01-30","numero":88,"categoria":"Portarias","situacao":"Em vigor","descricao":""},{"ementa":"Disp\u00f5e sobre a rescis\u00e3o de contrato ocupante da fun\u00e7\u00e3o de Agente Comunit\u00e1rio de Sa\u00fade.","dataAtualizacao":"2026-02-02 16:10:05","dataInicioVigencia":null,"dataFimVigencia":null,"data":"2026-01-30","numero":87,"categoria":"Portarias","situacao":"Em vigor","descricao":""},{"ementa":"TERMO DE COLABORA\u00c7\u00c3O QUE ENTRE SI CELEBRAM O MUNIC\u00cdPIO DE CL\u00c1UDIO, ESTADO DE MINAS GERAIS, E O CENTRO INFANTIL M\u00c3E CHICA, PARA OS FINS QUE ESPECIFICA.","dataAtualizacao":"2026-04-23 09:59:15","dataInicioVigencia":null,"dataFimVigencia":null,"data":"2026-01-30","numero":2,"categoria":"MROSC - Termos de Parceria - Atos de Parcerias 3\u00b0 Setor","situacao":"Em vigor","descricao":""},{"ementa":"Ata de n\u00ba 01-2026 - CMAS.","dataAtualizacao":"2026-03-25 15:18:29","dataInicioVigencia":null,"dataFimVigencia":null,"data":"2026-01-30","numero":1,"categoria":"CMAS - Conselho Municipal da Assist\u00eancia Social","situacao":"Em vigor","descricao":""},{"ementa":"TERMO DE COLABORA\u00c7\u00c3O QUE ENTRE SI CELEBRAM O MUNIC\u00cdPIO DE CL\u00c1UDIO, ESTADO DE MINAS GERAIS, E O CENTRO INFANTIL M\u00c3E CHICA, PARA OS FINS QUE ESPECIFICA.","dataAtualizacao":"2026-04-23 09:58:33","dataInicioVigencia":null,"dataFimVigencia":null,"data":"2026-01-30","numero":1,"categoria":"MROSC - Termos de Parceria - Atos de Parcerias 3\u00b0 Setor","situacao":"Em vigor","descricao":""},{"ementa":"Regimento Interno - Comit\u00ea Municipal Intersetorial de enfrentamento \u00e0s Arboviroses.","dataAtualizacao":"2026-03-13 15:05:58","dataInicioVigencia":null,"dataFimVigencia":null,"data":"2026-01-30","numero":1,"categoria":"Regimento Interno","situacao":"Em vigor","descricao":""},{"ementa":"Concede a transfer\u00eancia da outorga do servi\u00e7o  de t\u00e1xi, e d\u00e1 outras provid\u00eancias.","dataAtualizacao":"2026-01-29 17:10:56","dataInicioVigencia":null,"dataFimVigencia":null,"data":"2026-01-29","numero":343,"categoria":"Decretos","situacao":"Em vigor","descricao":""},{"ementa":"Homologa o Resultado Final do Processo Seletivo Simplificado na Modalidade An\u00e1lise Curricular Edital n\u00ba. 002\/2026\/DRH, de 08 de janeiro de 2026, para a fun\u00e7\u00e3o de Auxiliar de Odontologia.","dataAtualizacao":"2026-01-29 14:30:04","dataInicioVigencia":null,"dataFimVigencia":null,"data":"2026-01-28","numero":342,"categoria":"Decretos","situacao":"Em vigor","descricao":""},{"ementa":"Disp\u00f5e sobre a atualiza\u00e7\u00e3o das bases de c\u00e1lculo dos tributos municipais, em face da corros\u00e3o inflacion\u00e1ria, com vig\u00eancia para o exerc\u00edcio financeiro de 2026.","dataAtualizacao":"2026-01-27 14:46:12","dataInicioVigencia":null,"dataFimVigencia":null,"data":"2026-01-26","numero":341,"categoria":"Decretos","situacao":"Em vigor","descricao":""},{"ementa":"Homologa o Resultado Final do Processo Seletivo Simplificado na Modalidade An\u00e1lise Curricular Edital n\u00ba. 001\/2026\/DRH, de 06 de janeiro de 2026, para a fun\u00e7\u00e3o de Fisioterapeuta.","dataAtualizacao":"2026-01-26 10:44:33","dataInicioVigencia":null,"dataFimVigencia":null,"data":"2026-01-23","numero":340,"categoria":"Decretos","situacao":"Em vigor","descricao":""},{"ementa":"Nomeia membros da Comiss\u00e3o Especial de Avalia\u00e7\u00e3o para acompanhamento da demonstra\u00e7\u00e3o pr\u00e1tica e an\u00e1lise t\u00e9cnica de sistemas no \u00e2mbito do Processo Licitat\u00f3rio n.\u00ba 302\/2025.","dataAtualizacao":"2026-01-28 15:23:58","dataInicioVigencia":null,"dataFimVigencia":null,"data":"2026-01-23","numero":86,"categoria":"Portarias","situacao":"Em vigor","descricao":""},{"ementa":"Disp\u00f5e sobre concess\u00e3o de redu\u00e7\u00e3o de Carga Hor\u00e1ria, respons\u00e1vel legal por dependente carecedor de necessidades especiais.","dataAtualizacao":"2026-01-28 15:30:35","dataInicioVigencia":null,"dataFimVigencia":null,"data":"2026-01-23","numero":85,"categoria":"Portarias","situacao":"Em vigor","descricao":""},{"ementa":"Abertura de cr\u00e9dito adicional suplementar no valor de R$ 68.331,15 para refor\u00e7o de dota\u00e7\u00f5es constantes da Lei Or\u00e7ament\u00e1ria vigente.","dataAtualizacao":"2026-02-12 16:48:41","dataInicioVigencia":null,"dataFimVigencia":null,"data":"2026-01-22","numero":339,"categoria":"Decretos","situacao":"Em vigor","descricao":""},{"ementa":"Abertura de cr\u00e9dito adicional suplementar no valor de R$ 533.986,95 para refor\u00e7o de dota\u00e7\u00f5es constantes da Lei Or\u00e7ament\u00e1ria vigente.","dataAtualizacao":"2026-02-12 16:47:56","dataInicioVigencia":null,"dataFimVigencia":null,"data":"2026-01-22","numero":338,"categoria":"Decretos","situacao":"Em vigor","descricao":""},{"ementa":"Designa servidor p\u00fablico efetivo para a execu\u00e7\u00e3o de trabalho estrat\u00e9gico e de grande relev\u00e2ncia para a Administra\u00e7\u00e3o Municipal, e determina outras provid\u00eancias.","dataAtualizacao":"2026-01-23 10:52:16","dataInicioVigencia":null,"dataFimVigencia":null,"data":"2026-01-22","numero":84,"categoria":"Portarias","situacao":"Em vigor","descricao":""},{"ementa":"Disp\u00f5e sobre concess\u00e3o de progress\u00e3o na carreira, ocupante do cargo efetivo de Auxiliar Administrativo.","dataAtualizacao":"2026-01-21 15:14:48","dataInicioVigencia":null,"dataFimVigencia":null,"data":"2026-01-20","numero":83,"categoria":"Portarias","situacao":"Em vigor","descricao":""},{"ementa":"Disp\u00f5e sobre concess\u00e3o de progress\u00e3o na carreira, ocupante do cargo efetivo de T\u00e9cnico em Higiene Dental","dataAtualizacao":"2026-01-21 15:14:04","dataInicioVigencia":null,"dataFimVigencia":null,"data":"2026-01-20","numero":82,"categoria":"Portarias","situacao":"Em vigor","descricao":""},{"ementa":"Disp\u00f5e sobre concess\u00e3o de progress\u00e3o na carreira, ocupante do cargo efetivo de Enfermeiro de ESF.","dataAtualizacao":"2026-01-21 15:13:29","dataInicioVigencia":null,"dataFimVigencia":null,"data":"2026-01-20","numero":81,"categoria":"Portarias","situacao":"Em vigor","descricao":""},{"ementa":"Disp\u00f5e sobre concess\u00e3o de progress\u00e3o na carreira, ocupante do cargo efetivo de Motorista.","dataAtualizacao":"2026-01-21 15:12:44","dataInicioVigencia":null,"dataFimVigencia":null,"data":"2026-01-20","numero":80,"categoria":"Portarias","situacao":"Em vigor","descricao":""},{"ementa":"Disp\u00f5e sobre concess\u00e3o de progress\u00e3o na carreira, ocupante do cargo efetivo de T\u00e9cnico em Higiene Dental","dataAtualizacao":"2026-01-21 15:12:11","dataInicioVigencia":null,"dataFimVigencia":null,"data":"2026-01-20","numero":79,"categoria":"Portarias","situacao":"Em vigor","descricao":""},{"ementa":"Disp\u00f5e sobre concess\u00e3o de progress\u00e3o na carreira, ocupante do cargo efetivo de Agente de Vigil\u00e2ncia Epidemiol\u00f3gica.","dataAtualizacao":"2026-01-21 15:11:20","dataInicioVigencia":null,"dataFimVigencia":null,"data":"2026-01-20","numero":78,"categoria":"Portarias","situacao":"Em vigor","descricao":""},{"ementa":"Disp\u00f5e sobre concess\u00e3o de progress\u00e3o na carreira, ocupante do cargo efetivo de M\u00e9dico de ESF.","dataAtualizacao":"2026-01-21 15:10:49","dataInicioVigencia":null,"dataFimVigencia":null,"data":"2026-01-20","numero":77,"categoria":"Portarias","situacao":"Em vigor","descricao":""},{"ementa":"Disp\u00f5e sobre concess\u00e3o de progress\u00e3o na carreira, ocupante do cargo efetivo de M\u00e9dico de ESF.","dataAtualizacao":"2026-01-21 15:10:16","dataInicioVigencia":null,"dataFimVigencia":null,"data":"2026-01-20","numero":76,"categoria":"Portarias","situacao":"Em vigor","descricao":""},{"ementa":"Disp\u00f5e sobre concess\u00e3o de progress\u00e3o na carreira, ocupante do cargo efetivo de Assistente Social.","dataAtualizacao":"2026-01-21 15:09:33","dataInicioVigencia":null,"dataFimVigencia":null,"data":"2026-01-20","numero":75,"categoria":"Portarias","situacao":"Em vigor","descricao":""},{"ementa":"Disp\u00f5e sobre concess\u00e3o de progress\u00e3o na carreira, ocupante do cargo efetivo de Agente Comunit\u00e1rio de Sa\u00fade.","dataAtualizacao":"2026-01-21 15:08:57","dataInicioVigencia":null,"dataFimVigencia":null,"data":"2026-01-20","numero":74,"categoria":"Portarias","situacao":"Em vigor","descricao":""},{"ementa":"Disp\u00f5e sobre concess\u00e3o de progress\u00e3o na carreira, ocupante do cargo efetivo de T\u00e9cnico de Enfermagem.","dataAtualizacao":"2026-01-21 15:08:15","dataInicioVigencia":null,"dataFimVigencia":null,"data":"2026-01-20","numero":73,"categoria":"Portarias","situacao":"Em vigor","descricao":""},{"ementa":"Disp\u00f5e sobre concess\u00e3o de progress\u00e3o na carreira, ocupante do cargo efetivo de Assistente Social.","dataAtualizacao":"2026-01-21 15:07:45","dataInicioVigencia":null,"dataFimVigencia":null,"data":"2026-01-20","numero":72,"categoria":"Portarias","situacao":"Em vigor","descricao":""},{"ementa":"Disp\u00f5e sobre concess\u00e3o de progress\u00e3o na carreira, ocupante do cargo efetivo de T\u00e9cnico de Enfermagem.","dataAtualizacao":"2026-01-21 15:07:05","dataInicioVigencia":null,"dataFimVigencia":null,"data":"2026-01-20","numero":71,"categoria":"Portarias","situacao":"Em vigor","descricao":""},{"ementa":"Disp\u00f5e sobre concess\u00e3o de progress\u00e3o na carreira, ocupante do cargo efetivo de Agente de Vigil\u00e2ncia Epidemiol\u00f3gica.","dataAtualizacao":"2026-01-21 15:06:29","dataInicioVigencia":null,"dataFimVigencia":null,"data":"2026-01-20","numero":70,"categoria":"Portarias","situacao":"Em vigor","descricao":""},{"ementa":"Disp\u00f5e sobre concess\u00e3o de progress\u00e3o na carreira, ocupante do cargo efetivo de Atendente de ESF.","dataAtualizacao":"2026-01-21 14:42:01","dataInicioVigencia":null,"dataFimVigencia":null,"data":"2026-01-20","numero":69,"categoria":"Portarias","situacao":"Em vigor","descricao":""},{"ementa":"Disp\u00f5e sobre concess\u00e3o de progress\u00e3o na carreira, ocupante do cargo efetivo de T\u00e9cnico de Enfermagem.","dataAtualizacao":"2026-01-21 14:41:21","dataInicioVigencia":null,"dataFimVigencia":null,"data":"2026-01-20","numero":68,"categoria":"Portarias","situacao":"Em vigor","descricao":""},{"ementa":"Disp\u00f5e sobre concess\u00e3o de progress\u00e3o na carreira, ocupante do cargo efetivo de Auxiliar Administrativo.","dataAtualizacao":"2026-01-21 14:40:44","dataInicioVigencia":null,"dataFimVigencia":null,"data":"2026-01-20","numero":67,"categoria":"Portarias","situacao":"Em vigor","descricao":""},{"ementa":"Disp\u00f5e sobre concess\u00e3o de progress\u00e3o na carreira, ocupante do cargo efetivo de T\u00e9cnico de Enfermagem.","dataAtualizacao":"2026-01-21 14:40:12","dataInicioVigencia":null,"dataFimVigencia":null,"data":"2026-01-20","numero":66,"categoria":"Portarias","situacao":"Em vigor","descricao":""},{"ementa":"Disp\u00f5e sobre concess\u00e3o de progress\u00e3o na carreira, ocupante do cargo efetivo de Advogado do CREAS.","dataAtualizacao":"2026-01-21 14:39:28","dataInicioVigencia":null,"dataFimVigencia":null,"data":"2026-01-20","numero":65,"categoria":"Portarias","situacao":"Em vigor","descricao":""},{"ementa":"Disp\u00f5e sobre concess\u00e3o de progress\u00e3o na carreira, ocupante do cargo efetivo de Orientador Social.","dataAtualizacao":"2026-01-21 14:38:40","dataInicioVigencia":null,"dataFimVigencia":null,"data":"2026-01-20","numero":64,"categoria":"Portarias","situacao":"Em vigor","descricao":""},{"ementa":"Disp\u00f5e sobre concess\u00e3o de progress\u00e3o na carreira, ocupante do cargo efetivo de Atendente de ESF.","dataAtualizacao":"2026-01-21 14:37:46","dataInicioVigencia":null,"dataFimVigencia":null,"data":"2026-01-20","numero":63,"categoria":"Portarias","situacao":"Em vigor","descricao":""},{"ementa":"Disp\u00f5e sobre concess\u00e3o de progress\u00e3o na carreira, ocupante do cargo efetivo de Auxiliar Administrativo.","dataAtualizacao":"2026-01-21 14:36:52","dataInicioVigencia":null,"dataFimVigencia":null,"data":"2026-01-20","numero":62,"categoria":"Portarias","situacao":"Em vigor","descricao":""},{"ementa":"Disp\u00f5e sobre concess\u00e3o de progress\u00e3o na carreira, ocupante do cargo efetivo de Auxiliar Administrativo.","dataAtualizacao":"2026-01-21 14:36:05","dataInicioVigencia":null,"dataFimVigencia":null,"data":"2026-01-20","numero":61,"categoria":"Portarias","situacao":"Em vigor","descricao":""},{"ementa":"Disp\u00f5e sobre concess\u00e3o de progress\u00e3o na carreira, ocupante do cargo efetivo de Agente de Vigil\u00e2ncia Epidemiol\u00f3gica.","dataAtualizacao":"2026-01-21 14:35:08","dataInicioVigencia":null,"dataFimVigencia":null,"data":"2026-01-20","numero":60,"categoria":"Portarias","situacao":"Em vigor","descricao":""},{"ementa":"Disp\u00f5e sobre concess\u00e3o de progress\u00e3o na carreira, ocupante do cargo efetivo de Agente de Vigil\u00e2ncia Epidemiol\u00f3gica.","dataAtualizacao":"2026-01-21 14:34:18","dataInicioVigencia":null,"dataFimVigencia":null,"data":"2026-01-20","numero":59,"categoria":"Portarias","situacao":"Em vigor","descricao":""},{"ementa":"Disp\u00f5e sobre concess\u00e3o de progress\u00e3o na carreira, ocupante do cargo efetivo de Assistente Social.","dataAtualizacao":"2026-01-21 14:33:32","dataInicioVigencia":null,"dataFimVigencia":null,"data":"2026-01-20","numero":58,"categoria":"Portarias","situacao":"Em vigor","descricao":""},{"ementa":"Disp\u00f5e sobre concess\u00e3o de progress\u00e3o na carreira, ocupante do cargo efetivo de Agente de Vigil\u00e2ncia Epidemiol\u00f3gica.","dataAtualizacao":"2026-01-21 14:32:24","dataInicioVigencia":null,"dataFimVigencia":null,"data":"2026-01-20","numero":57,"categoria":"Portarias","situacao":"Em vigor","descricao":""},{"ementa":"Disp\u00f5e sobre concess\u00e3o de progress\u00e3o na carreira, ocupante do cargo efetivo de Auxiliar Administrativo.","dataAtualizacao":"2026-01-21 14:31:36","dataInicioVigencia":null,"dataFimVigencia":null,"data":"2026-01-20","numero":56,"categoria":"Portarias","situacao":"Em vigor","descricao":""},{"ementa":"Disp\u00f5e sobre concess\u00e3o de progress\u00e3o na carreira, ocupante do cargo efetivo de Auxiliar de Odontologia.","dataAtualizacao":"2026-01-21 14:30:50","dataInicioVigencia":null,"dataFimVigencia":null,"data":"2026-01-20","numero":55,"categoria":"Portarias","situacao":"Em vigor","descricao":""},{"ementa":"Disp\u00f5e sobre concess\u00e3o de progress\u00e3o na carreira, ocupante do cargo efetivo de Motorista.","dataAtualizacao":"2026-01-21 14:30:04","dataInicioVigencia":null,"dataFimVigencia":null,"data":"2026-01-20","numero":54,"categoria":"Portarias","situacao":"Em vigor","descricao":""},{"ementa":"Disp\u00f5e sobre concess\u00e3o de progress\u00e3o na carreira, ocupante do cargo efetivo de Oper\u00e1rio.","dataAtualizacao":"2026-01-21 14:29:24","dataInicioVigencia":null,"dataFimVigencia":null,"data":"2026-01-20","numero":53,"categoria":"Portarias","situacao":"Em vigor","descricao":""},{"ementa":"Disp\u00f5e sobre concess\u00e3o de progress\u00e3o na carreira, ocupante do cargo efetivo de Auxiliar de Servi\u00e7os Gerais.","dataAtualizacao":"2026-01-21 14:28:47","dataInicioVigencia":null,"dataFimVigencia":null,"data":"2026-01-20","numero":52,"categoria":"Portarias","situacao":"Em vigor","descricao":""},{"ementa":"Disp\u00f5e sobre concess\u00e3o de progress\u00e3o na carreira, ocupante do cargo efetivo de Auxiliar de Servi\u00e7os Gerais.","dataAtualizacao":"2026-01-21 14:27:38","dataInicioVigencia":null,"dataFimVigencia":null,"data":"2026-01-20","numero":51,"categoria":"Portarias","situacao":"Em vigor","descricao":""},{"ementa":"Disp\u00f5e sobre concess\u00e3o de progress\u00e3o na carreira, ocupante do cargo efetivo de Oper\u00e1rio.","dataAtualizacao":"2026-01-21 14:26:52","dataInicioVigencia":null,"dataFimVigencia":null,"data":"2026-01-20","numero":50,"categoria":"Portarias","situacao":"Em vigor","descricao":""},{"ementa":"Disp\u00f5e sobre concess\u00e3o de progress\u00e3o na carreira, ocupante do cargo efetivo de Auxiliar Administrativo.","dataAtualizacao":"2026-01-21 14:26:11","dataInicioVigencia":null,"dataFimVigencia":null,"data":"2026-01-20","numero":48,"categoria":"Portarias","situacao":"Em vigor","descricao":""},{"ementa":"Disp\u00f5e sobre concess\u00e3o de progress\u00e3o na carreira, ocupante do cargo efetivo de Vigia Noturno.","dataAtualizacao":"2026-01-21 14:25:37","dataInicioVigencia":null,"dataFimVigencia":null,"data":"2026-01-20","numero":47,"categoria":"Portarias","situacao":"Em vigor","descricao":""},{"ementa":"Disp\u00f5e sobre concess\u00e3o de progress\u00e3o na carreira, ocupante do cargo efetivo de Auxiliar Administrativo.","dataAtualizacao":"2026-01-21 14:24:52","dataInicioVigencia":null,"dataFimVigencia":null,"data":"2026-01-20","numero":46,"categoria":"Portarias","situacao":"Em vigor","descricao":""},{"ementa":"Disp\u00f5e sobre concess\u00e3o de progress\u00e3o na carreira, ocupante do cargo efetivo de Auxiliar Administrativo.","dataAtualizacao":"2026-01-21 14:24:21","dataInicioVigencia":null,"dataFimVigencia":null,"data":"2026-01-20","numero":45,"categoria":"Portarias","situacao":"Em vigor","descricao":""},{"ementa":"Disp\u00f5e sobre concess\u00e3o de progress\u00e3o na carreira, ocupante do cargo efetivo de Auxiliar Administrativo.","dataAtualizacao":"2026-01-21 14:23:48","dataInicioVigencia":null,"dataFimVigencia":null,"data":"2026-01-20","numero":44,"categoria":"Portarias","situacao":"Em vigor","descricao":""},{"ementa":"Disp\u00f5e sobre concess\u00e3o de progress\u00e3o na carreira, ocupante do cargo efetivo de T\u00e9cnico em Inform\u00e1tica.","dataAtualizacao":"2026-01-21 14:23:14","dataInicioVigencia":null,"dataFimVigencia":null,"data":"2026-01-20","numero":43,"categoria":"Portarias","situacao":"Em vigor","descricao":""},{"ementa":"Disp\u00f5e sobre concess\u00e3o de progress\u00e3o na carreira, ocupante do cargo efetivo de Auxiliar Administrativo.","dataAtualizacao":"2026-01-21 14:22:28","dataInicioVigencia":null,"dataFimVigencia":null,"data":"2026-01-20","numero":42,"categoria":"Portarias","situacao":"Em vigor","descricao":""},{"ementa":"Disp\u00f5e sobre concess\u00e3o de progress\u00e3o na carreira, ocupante do cargo efetivo de Auxiliar Administrativo.","dataAtualizacao":"2026-01-21 14:21:59","dataInicioVigencia":null,"dataFimVigencia":null,"data":"2026-01-20","numero":41,"categoria":"Portarias","situacao":"Em vigor","descricao":""},{"ementa":"Disp\u00f5e sobre concess\u00e3o de progress\u00e3o na carreira, ocupante do cargo efetivo de Profissional de Educa\u00e7\u00e3o F\u00edsica de Esportes.","dataAtualizacao":"2026-01-21 14:07:15","dataInicioVigencia":null,"dataFimVigencia":null,"data":"2026-01-20","numero":40,"categoria":"Portarias","situacao":"Em vigor","descricao":""},{"ementa":"Disp\u00f5e sobre concess\u00e3o de progress\u00e3o na carreira, ocupante do cargo efetivo de Auxiliar Administrativo.","dataAtualizacao":"2026-01-21 14:06:28","dataInicioVigencia":null,"dataFimVigencia":null,"data":"2026-01-20","numero":39,"categoria":"Portarias","situacao":"Em vigor","descricao":""},{"ementa":"Disp\u00f5e sobre concess\u00e3o de progress\u00e3o na carreira, ocupante do cargo efetivo de Profissional de Educa\u00e7\u00e3o F\u00edsica de Esportes.","dataAtualizacao":"2026-01-21 14:05:56","dataInicioVigencia":null,"dataFimVigencia":null,"data":"2026-01-20","numero":38,"categoria":"Portarias","situacao":"Em vigor","descricao":""},{"ementa":"Disp\u00f5e sobre concess\u00e3o de progress\u00e3o na carreira, ocupante do cargo efetivo de Auxiliar Administrativo.","dataAtualizacao":"2026-01-21 14:05:03","dataInicioVigencia":null,"dataFimVigencia":null,"data":"2026-01-20","numero":37,"categoria":"Portarias","situacao":"Em vigor","descricao":""},{"ementa":"Disp\u00f5e sobre concess\u00e3o de progress\u00e3o na carreira, ocupante do cargo efetivo de Fiscal Municipal de Obras.","dataAtualizacao":"2026-01-21 14:04:27","dataInicioVigencia":null,"dataFimVigencia":null,"data":"2026-01-20","numero":36,"categoria":"Portarias","situacao":"Em vigor","descricao":""},{"ementa":"Disp\u00f5e sobre concess\u00e3o de progress\u00e3o na carreira, ocupante do cargo efetivo de Auxiliar Administrativo.","dataAtualizacao":"2026-01-21 14:03:51","dataInicioVigencia":null,"dataFimVigencia":null,"data":"2026-01-20","numero":35,"categoria":"Portarias","situacao":"Em vigor","descricao":""},{"ementa":"Disp\u00f5e sobre concess\u00e3o de progress\u00e3o na carreira, ocupante do cargo efetivo de Auxiliar Administrativo.","dataAtualizacao":"2026-01-21 14:03:22","dataInicioVigencia":null,"dataFimVigencia":null,"data":"2026-01-20","numero":34,"categoria":"Portarias","situacao":"Em vigor","descricao":""},{"ementa":"Disp\u00f5e sobre concess\u00e3o de progress\u00e3o na carreira, ocupante do cargo efetivo de Fiscal Municipal de Obras.","dataAtualizacao":"2026-01-21 14:02:46","dataInicioVigencia":null,"dataFimVigencia":null,"data":"2026-01-20","numero":33,"categoria":"Portarias","situacao":"Em vigor","descricao":""},{"ementa":"Disp\u00f5e sobre concess\u00e3o de progress\u00e3o na carreira, ocupante do cargo efetivo de Motorista.","dataAtualizacao":"2026-01-21 14:01:43","dataInicioVigencia":null,"dataFimVigencia":null,"data":"2026-01-20","numero":32,"categoria":"Portarias","situacao":"Em vigor","descricao":""},{"ementa":"Disp\u00f5e sobre concess\u00e3o de progress\u00e3o na carreira, ocupante do cargo efetivo de Auxiliar Administrativo.","dataAtualizacao":"2026-01-21 14:00:57","dataInicioVigencia":null,"dataFimVigencia":null,"data":"2026-01-20","numero":31,"categoria":"Portarias","situacao":"Em vigor","descricao":""},{"ementa":"Disp\u00f5e sobre a autoriza\u00e7\u00e3o excepcional para a realiza\u00e7\u00e3o e o pagamento de horas extraordin\u00e1rias aos servidores lotados nas Secretarias Municipais de Educa\u00e7\u00e3o, Obras e Infraestrutura, Sa\u00fade, Assist\u00eancia Social e no Departamento de Arrecada\u00e7\u00e3o, na forma que especifica.","dataAtualizacao":"2026-01-21 15:01:06","dataInicioVigencia":null,"dataFimVigencia":null,"data":"2026-01-16","numero":337,"categoria":"Decretos","situacao":"Em vigor","descricao":""},{"ementa":"Nomeia membros da Comiss\u00e3o de Trabalho para Presta\u00e7\u00e3o de Contas das Subven\u00e7\u00f5es e Contratos de Servi\u00e7os, no \u00e2mbito da Secretaria Municipal de Sa\u00fade.","dataAtualizacao":"2026-03-25 10:50:36","dataInicioVigencia":null,"dataFimVigencia":null,"data":"2026-01-16","numero":30,"categoria":"Portarias","situacao":"Em vigor","descricao":""},{"ementa":"Nomeia membros da Comiss\u00e3o de Monitoramento e Avalia\u00e7\u00e3o, Parecerista e Gestor de Parcerias celebradas com Organiza\u00e7\u00f5es da Sociedade Civil - MROSC, no \u00e2mbito da Secretaria Municipal de Sa\u00fade.","dataAtualizacao":"2026-03-25 10:49:44","dataInicioVigencia":null,"dataFimVigencia":null,"data":"2026-01-16","numero":29,"categoria":"Portarias","situacao":"Em vigor","descricao":""},{"ementa":"Disp\u00f5e sobre concess\u00e3o de promo\u00e7\u00e3o na carreira, ocupante do cargo efetivo de Motorista.","dataAtualizacao":"2026-01-21 08:29:48","dataInicioVigencia":null,"dataFimVigencia":null,"data":"2026-01-16","numero":28,"categoria":"Portarias","situacao":"Em vigor","descricao":""},{"ementa":"Disp\u00f5e sobre concess\u00e3o de promo\u00e7\u00e3o na carreira, ocupante do cargo efetivo de Psic\u00f3logo","dataAtualizacao":"2026-01-21 08:29:01","dataInicioVigencia":null,"dataFimVigencia":null,"data":"2026-01-16","numero":27,"categoria":"Portarias","situacao":"Em vigor","descricao":""},{"ementa":"Edital de Inscri\u00e7\u00f5es 001\/2026 - Sele\u00e7\u00e3o de Rei Momo e Rainha do Cl\u00e1udioFolia 2026.","dataAtualizacao":"2026-01-30 14:09:16","dataInicioVigencia":null,"dataFimVigencia":null,"data":"2026-01-16","numero":1,"categoria":"Editais","situacao":"Em vigor","descricao":""},{"ementa":"Disp\u00f5e sobre o cancelamento de cr\u00e9dito n\u00e3o tribut\u00e1rio referente \u00e0 cobran\u00e7a de receitas diversas do exerc\u00edcio de 2012 concernente \u00e0 \u201cara\u00e7\u00e3o povoado Sete Lagoas\u201d","dataAtualizacao":"2026-01-16 09:39:37","dataInicioVigencia":null,"dataFimVigencia":null,"data":"2026-01-15","numero":336,"categoria":"Decretos","situacao":"Em vigor","descricao":""},{"ementa":"Homologa o Resultado Final do Processo Seletivo Simplificado na Modalidade An\u00e1lise Curricular Edital n\u00ba. 043\/2025\/DRH, de 15 de dezembro de 2025, para a fun\u00e7\u00e3o de Auxiliar Administrativo.","dataAtualizacao":"2026-01-14 15:41:25","dataInicioVigencia":null,"dataFimVigencia":null,"data":"2026-01-14","numero":335,"categoria":"Decretos","situacao":"Em vigor","descricao":""},{"ementa":"Disp\u00f5e sobre a contrata\u00e7\u00e3o de Servidor em Car\u00e1ter Excepcional para a fun\u00e7\u00e3o de Auxiliar de  Servi\u00e7os Gerais.","dataAtualizacao":"2026-01-16 14:39:10","dataInicioVigencia":null,"dataFimVigencia":null,"data":"2026-01-14","numero":26,"categoria":"Portarias","situacao":"Em vigor","descricao":""},{"ementa":"Disp\u00f5e sobre concess\u00e3o de redu\u00e7\u00e3o de Carga Hor\u00e1ria.","dataAtualizacao":"2026-01-15 16:37:55","dataInicioVigencia":null,"dataFimVigencia":null,"data":"2026-01-14","numero":25,"categoria":"Portarias","situacao":"Em vigor","descricao":""},{"ementa":"Edital de Chamamento P\u00fablico N\u00ba. 003\/2026 - credenciamento de propriet\u00e1rios de ve\u00edculos equipados com som automotivo para participa\u00e7\u00e3o no Cl\u00e1udio Folia 2026 - Secretaria de Cultura e Turismo.","dataAtualizacao":"2026-01-30 13:37:45","dataInicioVigencia":null,"dataFimVigencia":null,"data":"2026-01-14","numero":3,"categoria":"Editais","situacao":"Em vigor","descricao":""},{"ementa":"Edital de Chamamento P\u00fablico N\u00ba. 002\/2026 - capta\u00e7\u00e3o de patroc\u00ednio - Cl\u00e1udio Folia 2026 - Secretaria de Cultura e Turismo.","dataAtualizacao":"2026-01-14 16:59:19","dataInicioVigencia":null,"dataFimVigencia":null,"data":"2026-01-14","numero":2,"categoria":"Editais","situacao":"Em vigor","descricao":""},{"ementa":"Edital de Chamamento P\u00fablico N\u00ba. 001\/2026 - credenciamento de barraqueiros e vendedores ambulantes para o Cl\u00e1udio Folia 2026 - Secretaria de Cultura e Turismo.","dataAtualizacao":"2026-01-23 16:56:26","dataInicioVigencia":null,"dataFimVigencia":null,"data":"2026-01-14","numero":1,"categoria":"Editais","situacao":"Em vigor","descricao":""},{"ementa":"Institui Comiss\u00e3o Especial de Concurso P\u00fablico para o exerc\u00edcio 2026 e d\u00e1 outras provid\u00eancias.","dataAtualizacao":"2026-01-14 13:58:10","dataInicioVigencia":null,"dataFimVigencia":null,"data":"2026-01-13","numero":24,"categoria":"Portarias","situacao":"Em vigor","descricao":""},{"ementa":"Reajusta o valor da Requisi\u00e7\u00e3o de Pequeno Valor (RPV), conforme determina a Lei Municipal n.\u00ba 1.550\/2018.","dataAtualizacao":"2026-01-13 11:39:32","dataInicioVigencia":null,"dataFimVigencia":null,"data":"2026-01-12","numero":334,"categoria":"Decretos","situacao":"Em vigor","descricao":""},{"ementa":"Reajusta os subs\u00eddios dos agentes pol\u00edticos, remunera\u00e7\u00f5es dos servidores p\u00fablicos, bolsa-est\u00e1gio, valores de plant\u00f5es, gratifica\u00e7\u00f5es, di\u00e1rias de viagem, vale alimenta\u00e7\u00e3o e determina outras provid\u00eancias.","dataAtualizacao":"2026-01-13 14:06:21","dataInicioVigencia":null,"dataFimVigencia":null,"data":"2026-01-12","numero":333,"categoria":"Decretos","situacao":"Em vigor","descricao":""},{"ementa":"Abertura de cr\u00e9dito adicional suplementar no valor de R$ 1.519.577,37 para refor\u00e7o de dota\u00e7\u00f5es constantes da Lei Or\u00e7ament\u00e1ria vigente.","dataAtualizacao":"2026-02-26 16:26:14","dataInicioVigencia":null,"dataFimVigencia":null,"data":"2026-01-12","numero":332,"categoria":"Decretos","situacao":"Em vigor","descricao":""},{"ementa":"Abertura de cr\u00e9dito adicional suplementar no valor de R$ 1.980.590,00 para refor\u00e7o de dota\u00e7\u00f5es constantes da Lei Or\u00e7ament\u00e1ria vigente.","dataAtualizacao":"2026-02-12 16:46:13","dataInicioVigencia":null,"dataFimVigencia":null,"data":"2026-01-12","numero":331,"categoria":"Decretos","situacao":"Em vigor","descricao":""},{"ementa":"Disp\u00f5e sobre a contrata\u00e7\u00e3o de Servidor em Car\u00e1ter Excepcional para a fun\u00e7\u00e3o de Agente Comunit\u00e1rio de Sa\u00fade - ESF VIII.","dataAtualizacao":"2026-01-13 10:15:48","dataInicioVigencia":null,"dataFimVigencia":null,"data":"2026-01-12","numero":23,"categoria":"Portarias","situacao":"Em vigor","descricao":""},{"ementa":"Disp\u00f5e sobre a contrata\u00e7\u00e3o de Servidor em Car\u00e1ter Excepcional para a fun\u00e7\u00e3o de Agente Comunit\u00e1rio de Sa\u00fade - ESF VII.","dataAtualizacao":"2026-01-13 10:14:58","dataInicioVigencia":null,"dataFimVigencia":null,"data":"2026-01-12","numero":22,"categoria":"Portarias","situacao":"Em vigor","descricao":""},{"ementa":"Disp\u00f5e sobre a contrata\u00e7\u00e3o de Servidor em Car\u00e1ter Excepcional para a fun\u00e7\u00e3o de M\u00e9dico de ESF.","dataAtualizacao":"2026-01-13 10:14:14","dataInicioVigencia":null,"dataFimVigencia":null,"data":"2026-01-12","numero":21,"categoria":"Portarias","situacao":"Em vigor","descricao":""},{"ementa":"Disp\u00f5e sobre a rescis\u00e3o de contrato ocupante da fun\u00e7\u00e3o de Auxiliar Administrativo.","dataAtualizacao":"2026-01-12 16:58:51","dataInicioVigencia":null,"dataFimVigencia":null,"data":"2026-01-08","numero":20,"categoria":"Portarias","situacao":"Em vigor","descricao":""},{"ementa":"Nomeia membros da Secretaria Municipal de Sa\u00fade para compor a Comiss\u00e3o de Monitoramento e Avalia\u00e7\u00e3o e Gestores de Parcerias celebradas com Organiza\u00e7\u00f5es da Sociedade Civil - MROSC, no \u00e2mbito da Chefia de Gabinete.","dataAtualizacao":"2026-01-08 14:57:48","dataInicioVigencia":null,"dataFimVigencia":null,"data":"2026-01-08","numero":19,"categoria":"Portarias","situacao":"Em vigor","descricao":""},{"ementa":"Habilita estabelecimentos credenciados no \u00e2mbito da aten\u00e7\u00e3o ambulatorial especializada do Programa Mais Acesso a Especialistas (PMAE), nos termos da Portaria GM\/MG n\u00ba 3.492, de 08 de abril de 2024.","dataAtualizacao":"2026-01-08 11:48:24","dataInicioVigencia":null,"dataFimVigencia":null,"data":"2026-01-07","numero":330,"categoria":"Decretos","situacao":"Em vigor","descricao":""},{"ementa":"Autoriza o cancelamento de empenho e d\u00e1 outras provid\u00eancias.","dataAtualizacao":"2026-01-08 14:44:41","dataInicioVigencia":null,"dataFimVigencia":null,"data":"2026-01-07","numero":329,"categoria":"Decretos","situacao":"Em vigor","descricao":""},{"ementa":"Declara Luto Oficial no Munic\u00edpio de Cl\u00e1udio\/MG, em virtude do falecimento da senhora Maria Ros\u00e1ria Prado Greg\u00f3rio, e d\u00e1 outras provid\u00eancias.","dataAtualizacao":"2026-01-07 14:16:52","dataInicioVigencia":null,"dataFimVigencia":null,"data":"2026-01-07","numero":328,"categoria":"Decretos","situacao":"Em vigor","descricao":""},{"ementa":"Institui Comiss\u00e3o Especial de Concurso P\u00fablico para o exerc\u00edcio 2026 e d\u00e1 outras provid\u00eancias.","dataAtualizacao":"2026-01-08 14:55:57","dataInicioVigencia":null,"dataFimVigencia":null,"data":"2026-01-07","numero":18,"categoria":"Portarias","situacao":"Em vigor","descricao":""},{"ementa":"Homologa o resultado final do Processo Seletivo Simplificado de Provas de T\u00edtulos para Contrata\u00e7\u00e3o Tempor\u00e1ria, referente ao Edital n.\u00ba 001\/2025, da Secretaria Municipal de Educa\u00e7\u00e3o.","dataAtualizacao":"2026-01-06 16:28:41","dataInicioVigencia":null,"dataFimVigencia":null,"data":"2026-01-06","numero":327,"categoria":"Decretos","situacao":"Em vigor","descricao":""},{"ementa":"Disp\u00f5e sobre a rescis\u00e3o de contrato, a pedido, ocupante da fun\u00e7\u00e3o de T\u00e9cnico de Enfermagem.","dataAtualizacao":"2026-01-23 10:51:37","dataInicioVigencia":null,"dataFimVigencia":null,"data":"2026-01-06","numero":17,"categoria":"Portarias","situacao":"Em vigor","descricao":""},{"ementa":"Autoriza a extens\u00e3o da carga hor\u00e1ria de servidoras da Secretaria Municipal de Educa\u00e7\u00e3o, e determina outras provid\u00eancias.","dataAtualizacao":"2026-01-14 16:49:50","dataInicioVigencia":null,"dataFimVigencia":null,"data":"2026-01-06","numero":16,"categoria":"Portarias","situacao":"Em vigor","descricao":""},{"ementa":"Autoriza a extens\u00e3o da carga hor\u00e1ria da servidora municipal efetiva, Sra. \u00c1urea Maria Santos Marques, e determina outras provid\u00eancias.","dataAtualizacao":"2026-01-13 11:35:18","dataInicioVigencia":null,"dataFimVigencia":null,"data":"2026-01-06","numero":15,"categoria":"Portarias","situacao":"Em vigor","descricao":""},{"ementa":"Designa servidor p\u00fablico efetivo para a execu\u00e7\u00e3o de trabalho estrat\u00e9gico e de grande relev\u00e2ncia para a Administra\u00e7\u00e3o Municipal, e determina outras provid\u00eancias.","dataAtualizacao":"2026-01-12 16:58:10","dataInicioVigencia":null,"dataFimVigencia":null,"data":"2026-01-06","numero":14,"categoria":"Portarias","situacao":"Em vigor","descricao":""},{"ementa":"Disp\u00f5e sobre a rescis\u00e3o de contrato, a pedido ocupante da fun\u00e7\u00e3o de Auxiliar de Laborat\u00f3rio.","dataAtualizacao":"2026-01-09 09:23:35","dataInicioVigencia":null,"dataFimVigencia":null,"data":"2026-01-06","numero":13,"categoria":"Portarias","situacao":"Em vigor","descricao":""},{"ementa":"Disp\u00f5e sobre a contrata\u00e7\u00e3o de Servidor em Car\u00e1ter Excepcional para a fun\u00e7\u00e3o de Agente Comunit\u00e1rio de Sa\u00fade - ESF VIII.","dataAtualizacao":"2026-01-09 09:21:22","dataInicioVigencia":null,"dataFimVigencia":null,"data":"2026-01-06","numero":12,"categoria":"Portarias","situacao":"Em vigor","descricao":""},{"ementa":"Abertura de cr\u00e9dito adicional suplementar no valor de R$ 17.192,50 para refor\u00e7o de dota\u00e7\u00f5es constantes da Lei Or\u00e7ament\u00e1ria vigente.","dataAtualizacao":"2026-02-12 16:45:29","dataInicioVigencia":null,"dataFimVigencia":null,"data":"2026-01-05","numero":326,"categoria":"Decretos","situacao":"Em vigor","descricao":""},{"ementa":"Abertura de cr\u00e9dito adicional suplementar no valor de R$ 251.130,00 para refor\u00e7o de dota\u00e7\u00f5es constantes da Lei Or\u00e7ament\u00e1ria vigente.","dataAtualizacao":"2026-02-12 16:44:04","dataInicioVigencia":null,"dataFimVigencia":null,"data":"2026-01-05","numero":325,"categoria":"Decretos","situacao":"Em vigor","descricao":""},{"ementa":"Disp\u00f5e sobre o pagamento de horas extraordin\u00e1rias e determina outras provid\u00eancias.","dataAtualizacao":"2026-01-05 16:14:25","dataInicioVigencia":null,"dataFimVigencia":null,"data":"2026-01-05","numero":324,"categoria":"Decretos","situacao":"Em vigor","descricao":""},{"ementa":"Disp\u00f5e sobre concess\u00e3o de f\u00e9rias - pr\u00eamio por assiduidade ocupante do cargo efetivo de Agente de Vigil\u00e2ncia Epidemiol\u00f3gica.","dataAtualizacao":"2026-01-09 09:19:30","dataInicioVigencia":null,"dataFimVigencia":null,"data":"2026-01-05","numero":11,"categoria":"Portarias","situacao":"Em vigor","descricao":""},{"ementa":"Disp\u00f5e sobre concess\u00e3o de f\u00e9rias - pr\u00eamio por assiduidade ocupante do cargo efetivo de Psic\u00f3logo II.","dataAtualizacao":"2026-01-09 09:18:49","dataInicioVigencia":null,"dataFimVigencia":null,"data":"2026-01-05","numero":10,"categoria":"Portarias","situacao":"Em vigor","descricao":""},{"ementa":"Disp\u00f5e sobre concess\u00e3o de f\u00e9rias - pr\u00eamio por assiduidade ocupante do cargo efetivo de Odont\u00f3logo II.","dataAtualizacao":"2026-01-09 09:18:03","dataInicioVigencia":null,"dataFimVigencia":null,"data":"2026-01-05","numero":9,"categoria":"Portarias","situacao":"Em vigor","descricao":""},{"ementa":"Disp\u00f5e sobre concess\u00e3o de f\u00e9rias - pr\u00eamio por assiduidade ocupante do cargo efetivo de Motorista.","dataAtualizacao":"2026-01-09 09:17:08","dataInicioVigencia":null,"dataFimVigencia":null,"data":"2026-01-05","numero":8,"categoria":"Portarias","situacao":"Em vigor","descricao":""},{"ementa":"Disp\u00f5e sobre a rescis\u00e3o de contrato, a pedido ocupante da fun\u00e7\u00e3o de Agente Comunit\u00e1rio de Sa\u00fade.","dataAtualizacao":"2026-01-07 09:19:31","dataInicioVigencia":null,"dataFimVigencia":null,"data":"2026-01-05","numero":7,"categoria":"Portarias","situacao":"Em vigor","descricao":""},{"ementa":"Disp\u00f5e sobre a contrata\u00e7\u00e3o de Servidor em Car\u00e1ter Excepcional para a fun\u00e7\u00e3o de Auxiliar Administrativo.","dataAtualizacao":"2026-01-07 09:00:12","dataInicioVigencia":null,"dataFimVigencia":null,"data":"2026-01-05","numero":6,"categoria":"Portarias","situacao":"Em vigor","descricao":""},{"ementa":"Disp\u00f5e sobre a contrata\u00e7\u00e3o de Servidor em Car\u00e1ter Excepcional para a fun\u00e7\u00e3o de Vigia Noturno.","dataAtualizacao":"2026-01-07 08:32:13","dataInicioVigencia":null,"dataFimVigencia":null,"data":"2026-01-05","numero":5,"categoria":"Portarias","situacao":"Em vigor","descricao":""},{"ementa":"Disp\u00f5e sobre nomea\u00e7\u00e3o de servidor, provimento de cargo em comiss\u00e3o para o cargo de Chefe de Setor de Esportes.","dataAtualizacao":"2026-01-07 09:19:12","dataInicioVigencia":null,"dataFimVigencia":null,"data":"2026-01-05","numero":4,"categoria":"Portarias","situacao":"Em vigor","descricao":""},{"ementa":"Disp\u00f5e sobre nomea\u00e7\u00e3o de servidor, provimento de cargo em comiss\u00e3o para o cargo de Chefe de Setor de Esportes.","dataAtualizacao":"2026-01-07 09:18:53","dataInicioVigencia":null,"dataFimVigencia":null,"data":"2026-01-05","numero":3,"categoria":"Portarias","situacao":"Em vigor","descricao":""},{"ementa":"Disp\u00f5e sobre exonera\u00e7\u00e3o do servidor ocupante de cargo de provimento em comiss\u00e3o para o cargo de Chefe de Setor de Esportes.","dataAtualizacao":"2026-01-07 08:59:35","dataInicioVigencia":null,"dataFimVigencia":null,"data":"2026-01-05","numero":2,"categoria":"Portarias","situacao":"Em vigor","descricao":""},{"ementa":"Disp\u00f5e sobre a rescis\u00e3o de contrato ocupante da fun\u00e7\u00e3o de T\u00e9cnico Desportivo.","dataAtualizacao":"2026-01-07 08:26:59","dataInicioVigencia":null,"dataFimVigencia":null,"data":"2026-01-05","numero":1,"categoria":"Portarias","situacao":"Em vigor","descricao":""},{"ementa":"Disp\u00f5e sobre nomea\u00e7\u00e3o de servidor em cargo de provimento em comiss\u00e3o de Secret\u00e1rio de Escola.","dataAtualizacao":"2026-02-20 11:36:01","dataInicioVigencia":null,"dataFimVigencia":null,"data":"2026-01-02","numero":1,"categoria":"Portarias Educa\u00e7\u00e3o","situacao":"Em vigor","descricao":""},{"ementa":"Plano Municipal de Sa\u00fade - 2026-2029.","dataAtualizacao":"2026-02-09 10:28:20","dataInicioVigencia":null,"dataFimVigencia":null,"data":"2026-01-02","numero":1,"categoria":"Plano Municipal de Sa\u00fade","situacao":"Em vigor","descricao":""},{"ementa":"Programa\u00e7\u00e3o Anual de Sa\u00fade 2026.","dataAtualizacao":"2026-02-09 11:38:59","dataInicioVigencia":null,"dataFimVigencia":null,"data":"2026-01-02","numero":1,"categoria":"Programa Anual de Sa\u00fade","situacao":"Em vigor","descricao":""},{"ementa":"Panorama Transfer\u00eancias do Munic\u00edpio - Ano de 2026.","dataAtualizacao":"2026-03-02 14:07:12","dataInicioVigencia":null,"dataFimVigencia":null,"data":"2026-01-01","numero":2026,"categoria":"Emenda Parlamentar Municipal","situacao":"Em vigor","descricao":""},{"ementa":"Disp\u00f5e sobre exonera\u00e7\u00e3o de servidor ocupante de cargo de provimento em comiss\u00e3o de Secret\u00e1rio de Escola, a pedido.","dataAtualizacao":"2026-01-05 13:38:51","dataInicioVigencia":null,"dataFimVigencia":null,"data":"2025-12-31","numero":516,"categoria":"Portarias Educa\u00e7\u00e3o","situacao":"Em vigor","descricao":""},{"ementa":"Panorama Transfer\u00eancias da Uni\u00e3o - Ano de 2025.","dataAtualizacao":"2026-01-16 17:01:25","dataInicioVigencia":null,"dataFimVigencia":null,"data":"2025-12-31","numero":1,"categoria":"Emenda Parlamentar Federal","situacao":"Em vigor","descricao":""},{"ementa":"Panorama Transfer\u00eancias do Estado - Ano de 2025.","dataAtualizacao":"2026-01-16 16:53:26","dataInicioVigencia":null,"dataFimVigencia":null,"data":"2025-12-31","numero":1,"categoria":"Emenda Parlamentar Estadual","situacao":"Em vigor","descricao":""},{"ementa":"Disp\u00f5e sobre prorroga\u00e7\u00e3o de contrato de trabalho de servidor em car\u00e1ter excepcional na fun\u00e7\u00e3o de Auxiliar Administrativo.","dataAtualizacao":"2026-01-06 16:59:07","dataInicioVigencia":null,"dataFimVigencia":null,"data":"2025-12-30","numero":879,"categoria":"Portarias","situacao":"Em vigor","descricao":""},{"ementa":"Disp\u00f5e sobre prorroga\u00e7\u00e3o de contrato de trabalho de servidor em car\u00e1ter excepcional na fun\u00e7\u00e3o de Nutricionista.","dataAtualizacao":"2026-01-06 16:58:26","dataInicioVigencia":null,"dataFimVigencia":null,"data":"2025-12-30","numero":878,"categoria":"Portarias","situacao":"Em vigor","descricao":""},{"ementa":"Disp\u00f5e sobre prorroga\u00e7\u00e3o de contrato de trabalho de servidor em car\u00e1ter excepcional na fun\u00e7\u00e3o de Auxiliar Administrativo.","dataAtualizacao":"2026-01-06 16:57:45","dataInicioVigencia":null,"dataFimVigencia":null,"data":"2025-12-30","numero":877,"categoria":"Portarias","situacao":"Em vigor","descricao":""},{"ementa":"Disp\u00f5e sobre prorroga\u00e7\u00e3o de contrato de trabalho de servidor em car\u00e1ter excepcional na fun\u00e7\u00e3o de Motorista.","dataAtualizacao":"2026-01-06 16:56:58","dataInicioVigencia":null,"dataFimVigencia":null,"data":"2025-12-30","numero":876,"categoria":"Portarias","situacao":"Em vigor","descricao":""},{"ementa":"Disp\u00f5e sobre prorroga\u00e7\u00e3o de contrato de trabalho de servidor em car\u00e1ter excepcional na fun\u00e7\u00e3o de Motorista.","dataAtualizacao":"2026-01-06 16:56:15","dataInicioVigencia":null,"dataFimVigencia":null,"data":"2025-12-30","numero":875,"categoria":"Portarias","situacao":"Em vigor","descricao":""},{"ementa":"Disp\u00f5e sobre prorroga\u00e7\u00e3o de contrato de trabalho de servidor em car\u00e1ter excepcional na fun\u00e7\u00e3o de Motorista.","dataAtualizacao":"2026-01-06 16:55:42","dataInicioVigencia":null,"dataFimVigencia":null,"data":"2025-12-30","numero":874,"categoria":"Portarias","situacao":"Em vigor","descricao":""},{"ementa":"Disp\u00f5e sobre prorroga\u00e7\u00e3o de contrato de trabalho de servidor em car\u00e1ter excepcional na fun\u00e7\u00e3o de Psic\u00f3logo.","dataAtualizacao":"2026-01-06 16:55:04","dataInicioVigencia":null,"dataFimVigencia":null,"data":"2025-12-30","numero":873,"categoria":"Portarias","situacao":"Em vigor","descricao":""},{"ementa":"Disp\u00f5e sobre prorroga\u00e7\u00e3o de contrato de trabalho de servidor em car\u00e1ter excepcional na fun\u00e7\u00e3o de Agente Comunit\u00e1rio de Sa\u00fade.","dataAtualizacao":"2026-01-06 16:54:26","dataInicioVigencia":null,"dataFimVigencia":null,"data":"2025-12-30","numero":872,"categoria":"Portarias","situacao":"Em vigor","descricao":""},{"ementa":"Disp\u00f5e sobre prorroga\u00e7\u00e3o de contrato de trabalho de servidor em car\u00e1ter excepcional na fun\u00e7\u00e3o de Motorista.","dataAtualizacao":"2026-01-06 16:53:52","dataInicioVigencia":null,"dataFimVigencia":null,"data":"2025-12-30","numero":871,"categoria":"Portarias","situacao":"Em vigor","descricao":""},{"ementa":"Disp\u00f5e sobre prorroga\u00e7\u00e3o de contrato de trabalho de servidor em car\u00e1ter excepcional na fun\u00e7\u00e3o de Motorista.","dataAtualizacao":"2026-01-06 16:53:16","dataInicioVigencia":null,"dataFimVigencia":null,"data":"2025-12-30","numero":870,"categoria":"Portarias","situacao":"Em vigor","descricao":""},{"ementa":"Disp\u00f5e sobre prorroga\u00e7\u00e3o de contrato de trabalho de servidor em car\u00e1ter excepcional na fun\u00e7\u00e3o de Agente Comunit\u00e1rio de Sa\u00fade.","dataAtualizacao":"2026-01-06 16:52:18","dataInicioVigencia":null,"dataFimVigencia":null,"data":"2025-12-30","numero":869,"categoria":"Portarias","situacao":"Em vigor","descricao":""},{"ementa":"Disp\u00f5e sobre prorroga\u00e7\u00e3o de contrato de trabalho de servidor em car\u00e1ter excepcional na fun\u00e7\u00e3o de Profissional de Educa\u00e7\u00e3o F\u00edsica da Sa\u00fade.","dataAtualizacao":"2026-01-06 16:51:37","dataInicioVigencia":null,"dataFimVigencia":null,"data":"2025-12-30","numero":868,"categoria":"Portarias","situacao":"Em vigor","descricao":""},{"ementa":"Disp\u00f5e sobre prorroga\u00e7\u00e3o de contrato de trabalho de servidor em car\u00e1ter excepcional na fun\u00e7\u00e3o de Auxiliar de Odontologia.","dataAtualizacao":"2026-01-06 16:50:44","dataInicioVigencia":null,"dataFimVigencia":null,"data":"2025-12-30","numero":867,"categoria":"Portarias","situacao":"Em vigor","descricao":""},{"ementa":"Disp\u00f5e sobre prorroga\u00e7\u00e3o de contrato de trabalho de servidor em car\u00e1ter excepcional na fun\u00e7\u00e3o de Psic\u00f3logo.","dataAtualizacao":"2026-01-06 16:49:49","dataInicioVigencia":null,"dataFimVigencia":null,"data":"2025-12-30","numero":866,"categoria":"Portarias","situacao":"Em vigor","descricao":""},{"ementa":"Disp\u00f5e sobre prorroga\u00e7\u00e3o de contrato de trabalho de servidor em car\u00e1ter excepcional na fun\u00e7\u00e3o de Enfermeiro de ESF.","dataAtualizacao":"2026-01-06 16:48:55","dataInicioVigencia":null,"dataFimVigencia":null,"data":"2025-12-30","numero":865,"categoria":"Portarias","situacao":"Em vigor","descricao":""},{"ementa":"Disp\u00f5e sobre prorroga\u00e7\u00e3o de contrato de trabalho de servidor em car\u00e1ter excepcional na fun\u00e7\u00e3o de Agente Comunit\u00e1rio de Sa\u00fade.","dataAtualizacao":"2026-01-06 16:48:04","dataInicioVigencia":null,"dataFimVigencia":null,"data":"2025-12-30","numero":864,"categoria":"Portarias","situacao":"Em vigor","descricao":""},{"ementa":"Disp\u00f5e sobre prorroga\u00e7\u00e3o de contrato de trabalho de servidor em car\u00e1ter excepcional na fun\u00e7\u00e3o de Odont\u00f3logo de ESF.","dataAtualizacao":"2026-01-06 16:47:11","dataInicioVigencia":null,"dataFimVigencia":null,"data":"2025-12-30","numero":863,"categoria":"Portarias","situacao":"Em vigor","descricao":""},{"ementa":"Disp\u00f5e sobre prorroga\u00e7\u00e3o de contrato de trabalho de servidor em car\u00e1ter excepcional na fun\u00e7\u00e3o de Enfermeiro.","dataAtualizacao":"2026-01-06 16:46:14","dataInicioVigencia":null,"dataFimVigencia":null,"data":"2025-12-30","numero":862,"categoria":"Portarias","situacao":"Em vigor","descricao":""},{"ementa":"Plano Municipal da Assist\u00eancia Social 2026-2029.","dataAtualizacao":"2026-03-16 13:39:05","dataInicioVigencia":null,"dataFimVigencia":null,"data":"2025-12-30","numero":1,"categoria":"PLANO MUNICIPAL DA ASSIST\u00caNCIA SOCIAL","situacao":"Em vigor","descricao":""},{"ementa":"Abertura de cr\u00e9dito adicional suplementar no valor de R$ 435.920,70 para refor\u00e7o de dota\u00e7\u00f5es constantes da Lei Or\u00e7ament\u00e1ria vigente.","dataAtualizacao":"2026-01-23 10:37:12","dataInicioVigencia":null,"dataFimVigencia":null,"data":"2025-12-29","numero":323,"categoria":"Decretos","situacao":"Em vigor","descricao":""},{"ementa":"Ata da 4\u00aa Reuni\u00e3o do Conselho Municipal de Educa\u00e7\u00e3o - CME.","dataAtualizacao":"2026-04-01 08:15:54","dataInicioVigencia":null,"dataFimVigencia":null,"data":"2025-12-23","numero":4,"categoria":"CME - Conselho Municipal de Educa\u00e7\u00e3o","situacao":"Em vigor","descricao":""},{"ementa":"Ata da 2\u00aa Reuni\u00e3o do Conselho de Acompanhamento e Controle Social - CACS-FUNDEB.","dataAtualizacao":"2026-04-01 08:19:13","dataInicioVigencia":null,"dataFimVigencia":null,"data":"2025-12-23","numero":2,"categoria":"FUNDEB","situacao":"Em vigor","descricao":""},{"ementa":"Disp\u00f5e sobre a rescis\u00e3o de contrato ocupante da fun\u00e7\u00e3o de M\u00e9dico de ESF.","dataAtualizacao":"2026-01-06 16:45:09","dataInicioVigencia":null,"dataFimVigencia":null,"data":"2025-12-22","numero":861,"categoria":"Portarias","situacao":"Em vigor","descricao":""},{"ementa":"Abertura de cr\u00e9dito adicional suplementar no valor de R$ 64.715,21 para refor\u00e7o de dota\u00e7\u00f5es constantes da Lei Or\u00e7ament\u00e1ria vigente.","dataAtualizacao":"2026-03-03 16:52:03","dataInicioVigencia":null,"dataFimVigencia":null,"data":"2025-12-22","numero":322,"categoria":"Decretos","situacao":"Em vigor","descricao":""},{"ementa":"Abertura de cr\u00e9dito adicional suplementar no valor de R$ 350.506,01 para refor\u00e7o de dota\u00e7\u00f5es constantes da Lei Or\u00e7ament\u00e1ria vigente.","dataAtualizacao":"2026-01-23 10:30:30","dataInicioVigencia":null,"dataFimVigencia":null,"data":"2025-12-22","numero":321,"categoria":"Decretos","situacao":"Em vigor","descricao":""},{"ementa":"Abertura de cr\u00e9dito adicional suplementar no valor de R$ 1.163.523,65 para refor\u00e7o de dota\u00e7\u00f5es constantes da Lei Or\u00e7ament\u00e1ria vigente.","dataAtualizacao":"2026-01-23 10:28:52","dataInicioVigencia":null,"dataFimVigencia":null,"data":"2025-12-22","numero":320,"categoria":"Decretos","situacao":"Em vigor","descricao":""},{"ementa":"TERMO DE FOMENTO QUE ENTRE SI CELEBRAM O MUNIC\u00cdPIO DE CL\u00c1UDIO, ESTADO DE MINAS GERAIS, E O MOVIMENTO CL\u00c1UDIO\/MG LGBTQIA , PARA OS FINS QUE ESPECIFICA.","dataAtualizacao":"2026-01-16 10:35:57","dataInicioVigencia":null,"dataFimVigencia":null,"data":"2025-12-22","numero":39,"categoria":"MROSC - Termos de Parceria - Atos de Parcerias 3\u00b0 Setor","situacao":"Em vigor","descricao":""},{"ementa":"Abertura de cr\u00e9dito adicional suplementar no valor de R$ 1.181.058,00 para refor\u00e7o de dota\u00e7\u00f5es constantes da Lei Or\u00e7ament\u00e1ria vigente.","dataAtualizacao":"2026-01-23 10:27:59","dataInicioVigencia":null,"dataFimVigencia":null,"data":"2025-12-19","numero":319,"categoria":"Decretos","situacao":"Em vigor","descricao":""},{"ementa":"Abertura de cr\u00e9dito adicional suplementar no valor de R$ 6.997.200,00 para refor\u00e7o de dota\u00e7\u00f5es constantes da Lei Or\u00e7ament\u00e1ria vigente.","dataAtualizacao":"2026-01-27 08:23:48","dataInicioVigencia":null,"dataFimVigencia":null,"data":"2025-12-19","numero":318,"categoria":"Decretos","situacao":"Em vigor","descricao":""},{"ementa":"TERMO DE COLABORA\u00c7\u00c3O QUE ENTRE SI CELEBRAM O MUNIC\u00cdPIO DE CL\u00c1UDIO, ESTADO DE MINAS GERAIS, E A ASSOCIA\u00c7\u00c3O DE PAIS E AMIGOS DOS EXCEPCIONAIS DE CL\u00c1UDIO \u2013 APAE DE CL\u00c1UDIO, PARA OS FINS QUE ESPECIFICA.","dataAtualizacao":"2026-01-13 14:47:57","dataInicioVigencia":null,"dataFimVigencia":null,"data":"2025-12-19","numero":47,"categoria":"MROSC - Termos de Parceria - Atos de Parcerias 3\u00b0 Setor","situacao":"Em vigor","descricao":""},{"ementa":"TERMO DE COLABORA\u00c7\u00c3O QUE ENTRE SI CELEBRAM O MUNIC\u00cdPIO DE CL\u00c1UDIO, ESTADO DE MINAS GERAIS, E O CLUBE DE M\u00c3ES SAUD MITRE, PARA OS FINS QUE ESPECIFICA.","dataAtualizacao":"2026-01-13 14:47:34","dataInicioVigencia":null,"dataFimVigencia":null,"data":"2025-12-19","numero":45,"categoria":"MROSC - Termos de Parceria - Atos de Parcerias 3\u00b0 Setor","situacao":"Em vigor","descricao":""},{"ementa":"TERMO DE COLABORA\u00c7\u00c3O QUE ENTRE SI CELEBRAM O MUNIC\u00cdPIO DE CL\u00c1UDIO, ESTADO DE MINAS GERAIS, E A COMUNIDADE TERAP\u00caUTICA DESAFIO JOVEM DE CL\u00c1UDIO\/MG, PARA OS FINS QUE ESPECIFICA.","dataAtualizacao":"2026-01-13 14:47:11","dataInicioVigencia":null,"dataFimVigencia":null,"data":"2025-12-19","numero":44,"categoria":"MROSC - Termos de Parceria - Atos de Parcerias 3\u00b0 Setor","situacao":"Em vigor","descricao":""},{"ementa":"TERMO DE COLABORA\u00c7\u00c3O QUE ENTRE SI CELEBRAM O MUNIC\u00cdPIO DE CL\u00c1UDIO, ESTADO DE MINAS GERAIS, E A COMUNIDADE VEM SER, PARA OS FINS QUE ESPECIFICA.","dataAtualizacao":"2026-01-13 14:46:39","dataInicioVigencia":null,"dataFimVigencia":null,"data":"2025-12-19","numero":43,"categoria":"MROSC - Termos de Parceria - Atos de Parcerias 3\u00b0 Setor","situacao":"Em vigor","descricao":""},{"ementa":"TERMO DE COLABORA\u00c7\u00c3O QUE ENTRE SI CELEBRAM O MUNIC\u00cdPIO DE CL\u00c1UDIO, ESTADO DE MINAS GERAIS, E O BOM SAMARITANO ASSOCIA\u00c7\u00c3O DE AMPARO, PARA OS FINS QUE ESPECIFICA.","dataAtualizacao":"2026-01-13 14:45:42","dataInicioVigencia":null,"dataFimVigencia":null,"data":"2025-12-19","numero":41,"categoria":"MROSC - Termos de Parceria - Atos de Parcerias 3\u00b0 Setor","situacao":"Em vigor","descricao":""},{"ementa":"TERMO DE COLABORA\u00c7\u00c3O QUE ENTRE SI CELEBRAM O MUNIC\u00cdPIO DE CL\u00c1UDIO, ESTADO DE MINAS GERAIS, E O SERVI\u00c7O ASSISTENCIAL QUITA GUIMAR\u00c3ES TOLENTINO, PARA OS FINS QUE ESPECIFICA.","dataAtualizacao":"2026-01-13 14:45:16","dataInicioVigencia":null,"dataFimVigencia":null,"data":"2025-12-19","numero":40,"categoria":"MROSC - Termos de Parceria - Atos de Parcerias 3\u00b0 Setor","situacao":"Em vigor","descricao":""},{"ementa":"TERMO DE COLABORA\u00c7\u00c3O QUE ENTRE SI CELEBRAM O MUNIC\u00cdPIO DE CL\u00c1UDIO, ESTADO DE MINAS GERAIS, E A ASSOCIA\u00c7\u00c3O COMUNIT\u00c1RIA BENEFICENTE DE CL\u00c1UDIO - LAR BOM PASTOR, PARA OS FINS QUE ESPECIFICA.","dataAtualizacao":"2026-01-13 14:43:38","dataInicioVigencia":null,"dataFimVigencia":null,"data":"2025-12-19","numero":39,"categoria":"MROSC - Termos de Parceria - Atos de Parcerias 3\u00b0 Setor","situacao":"Em vigor","descricao":""},{"ementa":"TERMO DE COLABORA\u00c7\u00c3O QUE ENTRE SI CELEBRAM O MUNIC\u00cdPIO DE CL\u00c1UDIO, ESTADO DE MINAS GERAIS, E A ASSOCIA\u00c7\u00c3O COMUNIT\u00c1RIA BENEFICENTE DE CL\u00c1UDIO - LAR BOM PASTOR, PARA OS FINS QUE ESPECIFICA.","dataAtualizacao":"2026-01-13 14:43:10","dataInicioVigencia":null,"dataFimVigencia":null,"data":"2025-12-19","numero":38,"categoria":"MROSC - Termos de Parceria - Atos de Parcerias 3\u00b0 Setor","situacao":"Em vigor","descricao":""},{"ementa":"TERMO DE FOMENTO QUE ENTRE SI CELEBRAM O MUNIC\u00cdPIO DE CL\u00c1UDIO, ESTADO DE MINAS GERAIS, E A IRMANDADE DE NOSSA SENHORA DO ROS\u00c1RIO, PARA OS FINS QUE ESPECIFICA.","dataAtualizacao":"2026-01-13 14:54:16","dataInicioVigencia":null,"dataFimVigencia":null,"data":"2025-12-19","numero":37,"categoria":"MROSC - Termos de Parceria - Atos de Parcerias 3\u00b0 Setor","situacao":"Em vigor","descricao":""},{"ementa":"TERMO DE FOMENTO QUE ENTRE SI CELEBRAM O MUNIC\u00cdPIO DE CL\u00c1UDIO, ESTADO DE MINAS GERAIS, E A MITRA DIOCESANA - PAR\u00d3QUIA DE NOSSA SENHORA DA CONCEI\u00c7\u00c3O, PARA OS FINS QUE ESPECIFICA.","dataAtualizacao":"2026-01-13 14:53:30","dataInicioVigencia":null,"dataFimVigencia":null,"data":"2025-12-19","numero":36,"categoria":"MROSC - Termos de Parceria - Atos de Parcerias 3\u00b0 Setor","situacao":"Em vigor","descricao":""},{"ementa":"TERMO DE FOMENTO QUE ENTRE SI CELEBRAM O MUNIC\u00cdPIO DE CL\u00c1UDIO, ESTADO DE MINAS GERAIS, E O CONSELHO DE DESENVOLVIMENTO COMUNIT\u00c1RIO DE SETE LAGOAS, PARA OS FINS QUE ESPECIFICA.","dataAtualizacao":"2026-01-13 14:52:55","dataInicioVigencia":null,"dataFimVigencia":null,"data":"2025-12-19","numero":35,"categoria":"MROSC - Termos de Parceria - Atos de Parcerias 3\u00b0 Setor","situacao":"Em vigor","descricao":""},{"ementa":"Ata da 5\u00aa reuni\u00e3o ordin\u00e1ria do CODEMA.","dataAtualizacao":"2026-02-26 09:35:19","dataInicioVigencia":null,"dataFimVigencia":null,"data":"2025-12-18","numero":5,"categoria":"CODEMA","situacao":"Em vigor","descricao":""},{"ementa":"TERMO DE COLABORA\u00c7\u00c3O QUE ENTRE SI CELEBRAM O MUNIC\u00cdPIO DE CL\u00c1UDIO, ESTADO DE MINAS GERAIS, E O CLUBE DE M\u00c3ES SAUD MITRE, PARA OS FINS QUE ESPECIFICA.","dataAtualizacao":"2026-01-13 14:42:36","dataInicioVigencia":null,"dataFimVigencia":null,"data":"2025-12-16","numero":37,"categoria":"MROSC - Termos de Parceria - Atos de Parcerias 3\u00b0 Setor","situacao":"Em vigor","descricao":""},{"ementa":"TERMO DE FOMENTO QUE ENTRE SI CELEBRAM O MUNIC\u00cdPIO DE CL\u00c1UDIO, ESTADO DE MINAS GERAIS, E O GRUPO DE ESCOTEIROS VINICIO DE SOUZA MITRE, PARA OS FINS QUE ESPECIFICA.","dataAtualizacao":"2026-01-13 14:52:22","dataInicioVigencia":null,"dataFimVigencia":null,"data":"2025-12-15","numero":34,"categoria":"MROSC - Termos de Parceria - Atos de Parcerias 3\u00b0 Setor","situacao":"Em vigor","descricao":""},{"ementa":"TERMO DE FOMENTO QUE ENTRE SI CELEBRAM O MUNIC\u00cdPIO DE CL\u00c1UDIO, ESTADO DE MINAS GERAIS, E A IRMANDADE DO ROS\u00c1RIO DE MONSENHOR JO\u00c3O ALEXANDRE, PARA OS FINS QUE ESPECIFICA.","dataAtualizacao":"2026-01-13 14:51:52","dataInicioVigencia":null,"dataFimVigencia":null,"data":"2025-12-15","numero":33,"categoria":"MROSC - Termos de Parceria - Atos de Parcerias 3\u00b0 Setor","situacao":"Em vigor","descricao":""},{"ementa":"TERMO DE FOMENTO QUE ENTRE SI CELEBRAM O MUNIC\u00cdPIO DE CL\u00c1UDIO, ESTADO DE MINAS GERAIS, E A SOCIEDADE MUSICAL SANTA CEC\u00cdLIA, PARA OS FINS QUE ESPECIFICA.","dataAtualizacao":"2026-01-13 14:51:20","dataInicioVigencia":null,"dataFimVigencia":null,"data":"2025-12-15","numero":32,"categoria":"MROSC - Termos de Parceria - Atos de Parcerias 3\u00b0 Setor","situacao":"Em vigor","descricao":""},{"ementa":"TERMO DE FOMENTO QUE ENTRE SI CELEBRAM O MUNIC\u00cdPIO DE CL\u00c1UDIO, ESTADO DE MINAS GERAIS, E O BLOCO COURO DE RATO, PARA OS FINS QUE ESPECIFICA.","dataAtualizacao":"2026-01-13 14:50:45","dataInicioVigencia":null,"dataFimVigencia":null,"data":"2025-12-15","numero":31,"categoria":"MROSC - Termos de Parceria - Atos de Parcerias 3\u00b0 Setor","situacao":"Em vigor","descricao":""},{"ementa":"TERMO DE FOMENTO QUE ENTRE SI CELEBRAM O MUNIC\u00cdPIO DE CL\u00c1UDIO, ESTADO DE MINAS GERAIS, E A ASSOCIA\u00c7\u00c3O DA COMUNIDADE DE NOSSA SENHORA DO ROS\u00c1RIO DO BANANAL, PARA OS FINS QUE ESPECIFICA.","dataAtualizacao":"2026-01-13 14:50:09","dataInicioVigencia":null,"dataFimVigencia":null,"data":"2025-12-15","numero":30,"categoria":"MROSC - Termos de Parceria - Atos de Parcerias 3\u00b0 Setor","situacao":"Em vigor","descricao":""},{"ementa":"TERMO DE FOMENTO QUE ENTRE SI CELEBRAM O MUNIC\u00cdPIO DE CL\u00c1UDIO, ESTADO DE MINAS GERAIS, E A IRMANDADE DE NOSSA SENHORA DO ROS\u00c1RIO, PARA OS FINS QUE ESPECIFICA.","dataAtualizacao":"2026-01-13 14:49:40","dataInicioVigencia":null,"dataFimVigencia":null,"data":"2025-12-15","numero":29,"categoria":"MROSC - Termos de Parceria - Atos de Parcerias 3\u00b0 Setor","situacao":"Em vigor","descricao":""},{"ementa":"Abertura de cr\u00e9dito adicional suplementar no valor de R$ 76.458,46 para refor\u00e7o de dota\u00e7\u00f5es constantes da Lei Or\u00e7ament\u00e1ria vigente.","dataAtualizacao":"2026-01-23 10:24:49","dataInicioVigencia":null,"dataFimVigencia":null,"data":"2025-12-11","numero":311,"categoria":"Decretos","situacao":"Em vigor","descricao":""},{"ementa":"Abertura de cr\u00e9dito adicional suplementar no valor de R$ 19.517,38 para refor\u00e7o de dota\u00e7\u00f5es constantes da Lei Or\u00e7ament\u00e1ria vigente.","dataAtualizacao":"2026-01-23 10:23:49","dataInicioVigencia":null,"dataFimVigencia":null,"data":"2025-12-11","numero":310,"categoria":"Decretos","situacao":"Em vigor","descricao":""},{"ementa":"Abertura de cr\u00e9dito adicional suplementar no valor de R$ 1.015.337,44 para refor\u00e7o de dota\u00e7\u00f5es constantes da Lei Or\u00e7ament\u00e1ria vigente.","dataAtualizacao":"2026-01-23 10:22:56","dataInicioVigencia":null,"dataFimVigencia":null,"data":"2025-12-11","numero":309,"categoria":"Decretos","situacao":"Em vigor","descricao":""},{"ementa":"Justificativa de Inexigibilidade de Chamamento P\u00fablico - Organiza\u00e7\u00e3o da Sociedade Civil\/Proponente -Lar Beneficente Santo Ant\u00f4nio - Termo de Colabora\u00e7\u00e3o.","dataAtualizacao":"2026-01-14 08:35:00","dataInicioVigencia":null,"dataFimVigencia":null,"data":"2025-12-11","numero":33,"categoria":"MROSC - Justificativa de inexigibilidade e Dispensa de Chamamento","situacao":"Em vigor","descricao":""},{"ementa":"Homologa\u00e7\u00e3o do Resultado Final dos pareceres.","dataAtualizacao":"2026-03-26 08:38:41","dataInicioVigencia":null,"dataFimVigencia":null,"data":"2025-12-10","numero":1,"categoria":"CMI - Conselho Municipal do Idoso","situacao":"Em vigor","descricao":""},{"ementa":"TERMO DE COLABORA\u00c7\u00c3O QUE ENTRE SI CELEBRAM O MUNIC\u00cdPIO DE CL\u00c1UDIO, ESTADO DE MINAS GERAIS, E A ASSOCIA\u00c7\u00c3O COMUNIT\u00c1RIA BENEFICENTE DE CL\u00c1UDIO - LAR BOM PASTOR, PARA OS FINS QUE ESPECIFICA.","dataAtualizacao":"2026-01-13 14:41:43","dataInicioVigencia":null,"dataFimVigencia":null,"data":"2025-12-05","numero":36,"categoria":"MROSC - Termos de Parceria - Atos de Parcerias 3\u00b0 Setor","situacao":"Em vigor","descricao":""},{"ementa":"Ata 340\u00aa do Conselho Municipal de Sa\u00fade - 2025.","dataAtualizacao":"2026-03-05 08:47:14","dataInicioVigencia":null,"dataFimVigencia":null,"data":"2025-12-04","numero":340,"categoria":"CMS - Conselho Municipal da Sa\u00fade","situacao":"Em vigor","descricao":""},{"ementa":"Atas - Exerc\u00edcio ano de 2025.","dataAtualizacao":"2026-02-02 16:06:56","dataInicioVigencia":null,"dataFimVigencia":null,"data":"2025-12-04","numero":1,"categoria":"COMPHAC - Conselho Municipal do Patrim\u00f4nio Hist\u00f3rico, Cultural e Art\u00edstico","situacao":"Em vigor","descricao":""},{"ementa":"Ata n\u00ba 06 de 2025 - Conselho do Turismo.","dataAtualizacao":"2026-02-03 09:50:59","dataInicioVigencia":null,"dataFimVigencia":null,"data":"2025-12-03","numero":6,"categoria":"COMTUR - Conselho do Turismo","situacao":"Em vigor","descricao":""},{"ementa":"Disp\u00f5e sobre a aprova\u00e7\u00e3o do plano de aplica\u00e7\u00e3o dos recursos do fundo municipal dos direitos da crian\u00e7a e do adolescente - FMDCA 2025\/2026, e d\u00e1 outras provid\u00eancias.","dataAtualizacao":"2026-04-13 10:48:52","dataInicioVigencia":null,"dataFimVigencia":null,"data":"2025-12-02","numero":6,"categoria":"CMDCA - Conselho Municipal dos Direitos da Crian\u00e7a e Adolescente","situacao":"Em vigor","descricao":""},{"ementa":"Abertura de cr\u00e9dito adicional suplementar no valor de R$ 5.707,10 para refor\u00e7o de dota\u00e7\u00f5es constantes da Lei Or\u00e7ament\u00e1ria vigente.","dataAtualizacao":"2026-01-23 10:22:07","dataInicioVigencia":null,"dataFimVigencia":null,"data":"2025-12-01","numero":301,"categoria":"Decretos","situacao":"Em vigor","descricao":""},{"ementa":"Abertura de cr\u00e9dito adicional suplementar no valor de R$ 274.194,22 para refor\u00e7o de dota\u00e7\u00f5es constantes da Lei Or\u00e7ament\u00e1ria vigente.","dataAtualizacao":"2026-01-23 10:21:11","dataInicioVigencia":null,"dataFimVigencia":null,"data":"2025-12-01","numero":300,"categoria":"Decretos","situacao":"Em vigor","descricao":""},{"ementa":"Abertura de cr\u00e9dito adicional suplementar no valor de R$ 2.126,24 para refor\u00e7o de dota\u00e7\u00f5es constantes da Lei Or\u00e7ament\u00e1ria vigente.","dataAtualizacao":"2026-01-23 10:20:16","dataInicioVigencia":null,"dataFimVigencia":null,"data":"2025-12-01","numero":299,"categoria":"Decretos","situacao":"Em vigor","descricao":""},{"ementa":"Abertura de cr\u00e9dito adicional suplementar no valor de R$ 2.306.392,62 para refor\u00e7o de dota\u00e7\u00f5es constantes da Lei Or\u00e7ament\u00e1ria vigente.","dataAtualizacao":"2026-01-23 10:19:19","dataInicioVigencia":null,"dataFimVigencia":null,"data":"2025-12-01","numero":298,"categoria":"Decretos","situacao":"Em vigor","descricao":""},{"ementa":"Ata n\u00ba 05 de 2025 - Conselho do Turismo.","dataAtualizacao":"2026-02-03 09:50:23","dataInicioVigencia":null,"dataFimVigencia":null,"data":"2025-11-19","numero":5,"categoria":"COMTUR - Conselho do Turismo","situacao":"Em vigor","descricao":""},{"ementa":"Ata da 4\u00aa reuni\u00e3o ordin\u00e1ria do CODEMA.","dataAtualizacao":"2026-02-26 16:25:20","dataInicioVigencia":null,"dataFimVigencia":null,"data":"2025-11-18","numero":4,"categoria":"CODEMA","situacao":"Em vigor","descricao":""},{"ementa":"Ata da 3\u00aa reuni\u00e3o ordin\u00e1ria do CODEMA.","dataAtualizacao":"2026-02-26 16:24:41","dataInicioVigencia":null,"dataFimVigencia":null,"data":"2025-11-18","numero":3,"categoria":"CODEMA","situacao":"Em vigor","descricao":""},{"ementa":"Ata 339\u00aa do Conselho Municipal de Sa\u00fade - 2025.","dataAtualizacao":"2026-03-05 08:46:35","dataInicioVigencia":null,"dataFimVigencia":null,"data":"2025-10-16","numero":339,"categoria":"CMS - Conselho Municipal da Sa\u00fade","situacao":"Em vigor","descricao":""},{"ementa":"Ata 338\u00aa do Conselho Municipal de Sa\u00fade - 2025.","dataAtualizacao":"2026-03-05 08:45:48","dataInicioVigencia":null,"dataFimVigencia":null,"data":"2025-10-09","numero":338,"categoria":"CMS - Conselho Municipal da Sa\u00fade","situacao":"Em vigor","descricao":""},{"ementa":"TERMO DE COLABORA\u00c7\u00c3O QUE ENTRE SI CELEBRAM O MUNIC\u00cdPIO DE CL\u00c1UDIO, ESTADO DE MINAS GERAIS, E A CASA S\u00c3O TARC\u00cdSIO \u2013 ABRIGO INSTITUCIONAL PROVIS\u00d3RIO, PARA OS FINS QUE ESPECIFICA.","dataAtualizacao":"2026-01-13 14:44:38","dataInicioVigencia":null,"dataFimVigencia":null,"data":"2025-09-24","numero":22,"categoria":"MROSC - Termos de Parceria - Atos de Parcerias 3\u00b0 Setor","situacao":"Em vigor","descricao":""},{"ementa":"Ata da 3\u00aa Reuni\u00e3o do Conselho Municipal de Educa\u00e7\u00e3o - CME.","dataAtualizacao":"2026-04-08 11:35:51","dataInicioVigencia":null,"dataFimVigencia":null,"data":"2025-09-19","numero":3,"categoria":"CME - Conselho Municipal de Educa\u00e7\u00e3o","situacao":"Em vigor","descricao":""},{"ementa":"Plano Municipal de Turismo 2026-2029","dataAtualizacao":"2026-02-03 12:06:52","dataInicioVigencia":null,"dataFimVigencia":null,"data":"2025-09-19","numero":1,"categoria":"Plano Municipal de Turismo","situacao":"Em vigor","descricao":""},{"ementa":"Ata n\u00ba 04 de 2025 - Conselho do Turismo.","dataAtualizacao":"2026-02-03 09:49:43","dataInicioVigencia":null,"dataFimVigencia":null,"data":"2025-09-18","numero":4,"categoria":"COMTUR - Conselho do Turismo","situacao":"Em vigor","descricao":""},{"ementa":"Designa Comiss\u00e3o de Avalia\u00e7\u00e3o do Patrim\u00f4nio P\u00fablico Municipal, e determina outras provid\u00eancias.","dataAtualizacao":"2026-02-24 17:13:36","dataInicioVigencia":null,"dataFimVigencia":null,"data":"2025-08-07","numero":523,"categoria":"Portarias","situacao":"Revogada Totalmente","descricao":""},{"ementa":"Ata n\u00ba 03 de 2025 - Conselho do Turismo.","dataAtualizacao":"2026-02-03 09:49:00","dataInicioVigencia":null,"dataFimVigencia":null,"data":"2025-07-25","numero":3,"categoria":"COMTUR - Conselho do Turismo","situacao":"Em vigor","descricao":""},{"ementa":"Ata da 1\u00aa Reuni\u00e3o do Conselho de Acompanhamento e Controle Social - CACS-FUNDEB.","dataAtualizacao":"2026-04-01 08:18:11","dataInicioVigencia":null,"dataFimVigencia":null,"data":"2025-07-10","numero":1,"categoria":"FUNDEB","situacao":"Em vigor","descricao":""},{"ementa":"Ata da 2\u00aa Reuni\u00e3o do Conselho Municipal de Educa\u00e7\u00e3o - CME.","dataAtualizacao":"2026-04-01 08:14:16","dataInicioVigencia":null,"dataFimVigencia":null,"data":"2025-06-26","numero":2,"categoria":"CME - Conselho Municipal de Educa\u00e7\u00e3o","situacao":"Em vigor","descricao":""},{"ementa":"Ata n\u00ba 02de 2025 - Conselho do Turismo.","dataAtualizacao":"2026-02-03 09:48:20","dataInicioVigencia":null,"dataFimVigencia":null,"data":"2025-05-30","numero":2,"categoria":"COMTUR - Conselho do Turismo","situacao":"Em vigor","descricao":""},{"ementa":"Ata 335\u00aa do Conselho Municipal de Sa\u00fade - 2025.","dataAtualizacao":"2026-03-05 08:44:57","dataInicioVigencia":null,"dataFimVigencia":null,"data":"2025-05-29","numero":335,"categoria":"CMS - Conselho Municipal da Sa\u00fade","situacao":"Em vigor","descricao":""},{"ementa":"Ata 334\u00aa do Conselho Municipal de Sa\u00fade - 2025.","dataAtualizacao":"2026-03-05 08:43:51","dataInicioVigencia":null,"dataFimVigencia":null,"data":"2025-05-08","numero":334,"categoria":"CMS - Conselho Municipal da Sa\u00fade","situacao":"Em vigor","descricao":""},{"ementa":"Nomeia membros da Comiss\u00e3o de Trabalho para Administra\u00e7\u00e3o das Demandas de Obras e Aprova\u00e7\u00e3o de Projetos, no \u00e2mbito da Secretaria Municipal de Obras e Infraestrutura.","dataAtualizacao":"2026-02-24 17:14:33","dataInicioVigencia":null,"dataFimVigencia":null,"data":"2025-04-30","numero":342,"categoria":"Portarias","situacao":"Revogada Totalmente","descricao":""},{"ementa":"VTN - Ano 2025","dataAtualizacao":"2026-04-27 11:23:59","dataInicioVigencia":null,"dataFimVigencia":null,"data":"2025-04-17","numero":1,"categoria":"Valores de Terra Nua - VTN","situacao":"Em vigor","descricao":""},{"ementa":"Ata da 1\u00aa Reuni\u00e3o do Conselho Municipal de Educa\u00e7\u00e3o - CME.","dataAtualizacao":"2026-04-01 08:13:23","dataInicioVigencia":null,"dataFimVigencia":null,"data":"2025-04-16","numero":1,"categoria":"CME - Conselho Municipal de Educa\u00e7\u00e3o","situacao":"Em vigor","descricao":""},{"ementa":"Ata 333\u00aa do Conselho Municipal de Sa\u00fade - 2025.","dataAtualizacao":"2026-03-05 08:35:50","dataInicioVigencia":null,"dataFimVigencia":null,"data":"2025-04-03","numero":333,"categoria":"CMS - Conselho Municipal da Sa\u00fade","situacao":"Em vigor","descricao":""},{"ementa":"Nomeia membros da Comiss\u00e3o de Monitoramento e Avalia\u00e7\u00e3o e Gestores de Parcerias celebradas com Organiza\u00e7\u00f5es da Sociedade Civil - MROSC, no \u00e2mbito da Chefia de Gabinete.","dataAtualizacao":"2026-03-19 10:13:04","dataInicioVigencia":null,"dataFimVigencia":null,"data":"2025-04-02","numero":300,"categoria":"Portarias","situacao":"Em vigor","descricao":""},{"ementa":"Disp\u00f5e sobre a composi\u00e7\u00e3o do Conselho Municipal do Turismo - COMTUR e determina outras provid\u00eancias.","dataAtualizacao":"2026-03-02 14:58:32","dataInicioVigencia":null,"dataFimVigencia":null,"data":"2025-03-27","numero":283,"categoria":"Portarias","situacao":"Revogada Totalmente","descricao":""},{"ementa":"Ata n\u00ba 01 de 2025 - Conselho do Turismo.","dataAtualizacao":"2026-02-03 09:47:16","dataInicioVigencia":null,"dataFimVigencia":null,"data":"2025-03-27","numero":1,"categoria":"COMTUR - Conselho do Turismo","situacao":"Em vigor","descricao":""},{"ementa":"Ata 332\u00aa do Conselho Municipal de Sa\u00fade - 2025.","dataAtualizacao":"2026-03-05 08:35:12","dataInicioVigencia":null,"dataFimVigencia":null,"data":"2025-03-24","numero":332,"categoria":"CMS - Conselho Municipal da Sa\u00fade","situacao":"Em vigor","descricao":""},{"ementa":"Ata 331\u00aa do Conselho Municipal de Sa\u00fade - 2025.","dataAtualizacao":"2026-03-05 08:34:32","dataInicioVigencia":null,"dataFimVigencia":null,"data":"2025-03-14","numero":331,"categoria":"CMS - Conselho Municipal da Sa\u00fade","situacao":"Em vigor","descricao":""},{"ementa":"Ata 330\u00aa do Conselho Municipal de Sa\u00fade - 2025.","dataAtualizacao":"2026-03-05 08:33:43","dataInicioVigencia":null,"dataFimVigencia":null,"data":"2025-02-27","numero":330,"categoria":"CMS - Conselho Municipal da Sa\u00fade","situacao":"Em vigor","descricao":""},{"ementa":"Ata 329\u00aa do Conselho Municipal de Sa\u00fade - 2025.","dataAtualizacao":"2026-03-05 08:32:56","dataInicioVigencia":null,"dataFimVigencia":null,"data":"2025-02-06","numero":329,"categoria":"CMS - Conselho Municipal da Sa\u00fade","situacao":"Em vigor","descricao":""},{"ementa":"Disp\u00f5e sobre a composi\u00e7\u00e3o do Conselho Municipal da Mulher de Cl\u00e1udio\/MG \u2013 CMM.","dataAtualizacao":"2026-03-30 14:20:00","dataInicioVigencia":null,"dataFimVigencia":null,"data":"2025-02-03","numero":175,"categoria":"Portarias","situacao":"Revogada Totalmente","descricao":""},{"ementa":"Ata 328\u00aa do Conselho Municipal de Sa\u00fade - 2024","dataAtualizacao":"2026-03-05 08:31:50","dataInicioVigencia":null,"dataFimVigencia":null,"data":"2024-12-19","numero":328,"categoria":"CMS - Conselho Municipal da Sa\u00fade","situacao":"Em vigor","descricao":""},{"ementa":"Ata 327\u00aa do Conselho Municipal de Sa\u00fade - 2024","dataAtualizacao":"2026-03-05 08:30:49","dataInicioVigencia":null,"dataFimVigencia":null,"data":"2024-11-07","numero":327,"categoria":"CMS - Conselho Municipal da Sa\u00fade","situacao":"Em vigor","descricao":""},{"ementa":"Ata da Primeira Reuni\u00e3o Extraordin\u00e1ria do Conselho Municipal da Cidade.","dataAtualizacao":"2026-04-10 11:06:30","dataInicioVigencia":null,"dataFimVigencia":null,"data":"2023-03-14","numero":0,"categoria":"CONSELHO DA CIDADE","situacao":"Em vigor","descricao":""},{"ementa":"Ata da Quarta Reuni\u00e3o Ordin\u00e1ria do Conselho Municipal da Cidade.","dataAtualizacao":"2026-04-10 11:06:06","dataInicioVigencia":null,"dataFimVigencia":null,"data":"2022-10-10","numero":0,"categoria":"CONSELHO DA CIDADE","situacao":"Em vigor","descricao":""},{"ementa":"Ata da Terceira Reuni\u00e3o Ordin\u00e1ria  do Conselho Municipal da Cidade.","dataAtualizacao":"2026-04-10 11:05:47","dataInicioVigencia":null,"dataFimVigencia":null,"data":"2021-12-03","numero":0,"categoria":"CONSELHO DA CIDADE","situacao":"Em vigor","descricao":""},{"ementa":"Ata da Segunda Reuni\u00e3o Ordin\u00e1ria do Conselho Municipal da Cidade.","dataAtualizacao":"2026-04-10 11:05:23","dataInicioVigencia":null,"dataFimVigencia":null,"data":"2021-06-11","numero":0,"categoria":"CONSELHO DA CIDADE","situacao":"Em vigor","descricao":""},{"ementa":"Ata da Primeira Reuni\u00e3o Ordin\u00e1ria do Conselho Municipal da Cidade.","dataAtualizacao":"2026-04-10 11:05:02","dataInicioVigencia":null,"dataFimVigencia":null,"data":"2020-09-09","numero":0,"categoria":"CONSELHO DA CIDADE","situacao":"Em vigor","descricao":""}]}